{"id":126452,"date":"2025-10-26T00:16:08","date_gmt":"2025-10-26T00:16:08","guid":{"rendered":"https:\/\/www.europesays.com\/pt\/126452\/"},"modified":"2025-10-26T00:16:08","modified_gmt":"2025-10-26T00:16:08","slug":"pedro-jorge-e-marisa-vivem-tensao-por-ciumes-no-diario-da-casa-dos-segredos","status":"publish","type":"post","link":"https:\/\/www.europesays.com\/pt\/126452\/","title":{"rendered":"Pedro Jorge e Marisa vivem tens\u00e3o por ci\u00fames no \u2018Di\u00e1rio\u2019 da Casa dos Segredos"},"content":{"rendered":"<p>O \u201cDi\u00e1rio\u201d da Casa dos Segredos, teve em direto uma pequena discuss\u00e3o entre Pedro Jorge e Marisa, motivado por ci\u00fames.<\/p>\n<p>Teresa Silva foi a primeira a reagir e deixou clara a empatia que sente por ambos e destacou as dificuldades de manter uma rela\u00e7\u00e3o dentro da casa mais vigiada do pa\u00eds, <strong>\u201cVai dar que \u00e9 um casal e \u00e9 muito dif\u00edcil estar no lugar deles. \u00c9 verdade. E provavelmente, mesmo quando, na minha opini\u00e3o, o segredo for revelado, eu espero que o segredo v\u00e1 at\u00e9 ao fim, porque, na minha opini\u00e3o, se o segredo for revelado, ainda \u00e9 pior para eles.\u201d<\/strong><\/p>\n<p><strong>A comentadora sublinhou que tudo isto \u00e9 normal, e poder\u00e1 piores quando o segredo for revelado,<\/strong>\u00a0\u201cEles sabem para o que foram e acabam por ter que aguentar entre eles. O problema \u00e9 com as pessoas que l\u00e1 est\u00e3o, depois de saber o segredo. [\u2026] Acho que \u00e9 muito dif\u00edcil que eles vejam ali s\u00f3 o casal. Depois come\u00e7am a cobrar muito mais em cima da Marisa e deles, porque, na opini\u00e3o deles, l\u00e1 dentro n\u00e3o s\u00e3o concorrentes de peso.\u201d<\/p>\n<p>Do outro lado do painel, Diana Lopes apresentou uma vis\u00e3o diferente, mais otimista, mais leve. Para ela, a eventual revela\u00e7\u00e3o do segredo pode at\u00e9 libertar o casal, <strong>\u201cN\u00e3o, eu acho que n\u00f3s vamos ter a oportunidade de ver o outro lado da rela\u00e7\u00e3o. Acho que eles v\u00e3o estar muito mais livres de se aproximarem, de serem realmente um casal e viverem juntos esta experi\u00eancia a 100%.\u201d<\/strong><\/p>\n<p>Diana foi mais longe e defendeu o percurso individual de Pedro dentro do jogo,<strong> \u201cDeixa-me s\u00f3 dizer aqui que eu n\u00e3o consigo dizer que o Pedro s\u00f3 \u00e9 um bom concorrente ou um bom jogador por causa do segredo. O Pedro est\u00e1 presente em v\u00e1rias narrativas, em v\u00e1rios enredos \u00e0 volta da casa. A Marisa \u00e9 que, se calhar, nem tanto.\u201d<\/strong><\/p>\n","protected":false},"excerpt":{"rendered":"O \u201cDi\u00e1rio\u201d da Casa dos Segredos, teve em direto uma pequena discuss\u00e3o entre Pedro Jorge e Marisa, motivado&hellip;\n","protected":false},"author":2,"featured_media":126453,"comment_status":"","ping_status":"","sticky":false,"template":"","format":"standard","meta":{"footnotes":""},"categories":[85],"tags":[2632,13471,20079,114,115,32,33,6985,16686,28020,20081,20082,162],"class_list":{"0":"post-126452","1":"post","2":"type-post","3":"status-publish","4":"format-standard","5":"has-post-thumbnail","7":"category-entretenimento","8":"tag-casa-dos-segredos","9":"tag-casa-dos-segredos-9","10":"tag-concorrentes-casa-dos-segredos","11":"tag-entertainment","12":"tag-entretenimento","13":"tag-portugal","14":"tag-pt","15":"tag-secret-story-casa-dos-segredos","16":"tag-secret-story-9","17":"tag-secret-story-ranking","18":"tag-sondagem-casa-dos-segredos","19":"tag-sondagens-casa-dos-segredos","20":"tag-tvi"},"share_on_mastodon":{"url":"https:\/\/pubeurope.com\/@pt\/115437593359429765","error":""},"_links":{"self":[{"href":"https:\/\/www.europesays.com\/pt\/wp-json\/wp\/v2\/posts\/126452","targetHints":{"allow":["GET"]}}],"collection":[{"href":"https:\/\/www.europesays.com\/pt\/wp-json\/wp\/v2\/posts"}],"about":[{"href":"https:\/\/www.europesays.com\/pt\/wp-json\/wp\/v2\/types\/post"}],"author":[{"embeddable":true,"href":"https:\/\/www.europesays.com\/pt\/wp-json\/wp\/v2\/users\/2"}],"replies":[{"embeddable":true,"href":"https:\/\/www.europesays.com\/pt\/wp-json\/wp\/v2\/comments?post=126452"}],"version-history":[{"count":0,"href":"https:\/\/www.europesays.com\/pt\/wp-json\/wp\/v2\/posts\/126452\/revisions"}],"wp:featuredmedia":[{"embeddable":true,"href":"https:\/\/www.europesays.com\/pt\/wp-json\/wp\/v2\/media\/126453"}],"wp:attachment":[{"href":"https:\/\/www.europesays.com\/pt\/wp-json\/wp\/v2\/media?parent=126452"}],"wp:term":[{"taxonomy":"category","embeddable":true,"href":"https:\/\/www.europesays.com\/pt\/wp-json\/wp\/v2\/categories?post=126452"},{"taxonomy":"post_tag","embeddable":true,"href":"https:\/\/www.europesays.com\/pt\/wp-json\/wp\/v2\/tags?post=126452"}],"curies":[{"name":"wp","href":"https:\/\/api.w.org\/{rel}","templated":true}]}}