{"id":126456,"date":"2025-10-26T00:19:23","date_gmt":"2025-10-26T00:19:23","guid":{"rendered":"https:\/\/www.europesays.com\/pt\/126456\/"},"modified":"2025-10-26T00:19:23","modified_gmt":"2025-10-26T00:19:23","slug":"turista-morre-ao-cair-de-sete-metros-em-roma","status":"publish","type":"post","link":"https:\/\/www.europesays.com\/pt\/126456\/","title":{"rendered":"Turista Morre ao Cair de Sete Metros em Roma"},"content":{"rendered":"<p>Um homem morreu ao cair de uma altura de sete metros junto ao Pante\u00e3o de Roma, em It\u00e1lia, na noite de sexta-feira, 24 de outubro. O turista italiano, de 69 anos, ter-se-\u00e1 sentido mal quando estava sentado no muro que circunda o monumento, caindo no fosso.<\/p>\n<p>Segundo revela a ag\u00eancia Ansa, os bombeiros tiveram de for\u00e7ar a abertura de um port\u00e3o para conseguirem prestar socorro ao homem, que foi declarado morto no local.<\/p>\n<p>A policia de Roma abriu uma investiga\u00e7\u00e3o.<\/p>\n<p>Aquele muro costuma ser utilizado por centenas de turistas que apriveitam para fazer uma pausa frente d eum dos momnumentos mais carism\u00e1ticos da cidade, famoso pelo \u00f3culo que tem na c\u00fapula e que, al\u00e9m da porta, \u00e9 a \u00fanica fonte de luz natural do espa\u00e7o.<\/p>\n","protected":false},"excerpt":{"rendered":"Um homem morreu ao cair de uma altura de sete metros junto ao Pante\u00e3o de Roma, em It\u00e1lia,&hellip;\n","protected":false},"author":2,"featured_media":126457,"comment_status":"","ping_status":"","sticky":false,"template":"","format":"standard","meta":{"footnotes":""},"categories":[50],"tags":[27,28,15,16,14,25,26,21,22,62,12,13,19,20,28984,23,24,2864,17,18,29,30,31,63,64,65],"class_list":{"0":"post-126456","1":"post","2":"type-post","3":"status-publish","4":"format-standard","5":"has-post-thumbnail","7":"category-mundo","8":"tag-breaking-news","9":"tag-breakingnews","10":"tag-featured-news","11":"tag-featurednews","12":"tag-headlines","13":"tag-latest-news","14":"tag-latestnews","15":"tag-main-news","16":"tag-mainnews","17":"tag-mundo","18":"tag-news","19":"tag-noticias","20":"tag-noticias-principais","21":"tag-noticiasprincipais","22":"tag-panteao","23":"tag-principais-noticias","24":"tag-principaisnoticias","25":"tag-roma","26":"tag-top-stories","27":"tag-topstories","28":"tag-ultimas","29":"tag-ultimas-noticias","30":"tag-ultimasnoticias","31":"tag-world","32":"tag-world-news","33":"tag-worldnews"},"share_on_mastodon":{"url":"https:\/\/pubeurope.com\/@pt\/115437604882849958","error":""},"_links":{"self":[{"href":"https:\/\/www.europesays.com\/pt\/wp-json\/wp\/v2\/posts\/126456","targetHints":{"allow":["GET"]}}],"collection":[{"href":"https:\/\/www.europesays.com\/pt\/wp-json\/wp\/v2\/posts"}],"about":[{"href":"https:\/\/www.europesays.com\/pt\/wp-json\/wp\/v2\/types\/post"}],"author":[{"embeddable":true,"href":"https:\/\/www.europesays.com\/pt\/wp-json\/wp\/v2\/users\/2"}],"replies":[{"embeddable":true,"href":"https:\/\/www.europesays.com\/pt\/wp-json\/wp\/v2\/comments?post=126456"}],"version-history":[{"count":0,"href":"https:\/\/www.europesays.com\/pt\/wp-json\/wp\/v2\/posts\/126456\/revisions"}],"wp:featuredmedia":[{"embeddable":true,"href":"https:\/\/www.europesays.com\/pt\/wp-json\/wp\/v2\/media\/126457"}],"wp:attachment":[{"href":"https:\/\/www.europesays.com\/pt\/wp-json\/wp\/v2\/media?parent=126456"}],"wp:term":[{"taxonomy":"category","embeddable":true,"href":"https:\/\/www.europesays.com\/pt\/wp-json\/wp\/v2\/categories?post=126456"},{"taxonomy":"post_tag","embeddable":true,"href":"https:\/\/www.europesays.com\/pt\/wp-json\/wp\/v2\/tags?post=126456"}],"curies":[{"name":"wp","href":"https:\/\/api.w.org\/{rel}","templated":true}]}}