{"id":126460,"date":"2025-10-26T00:26:11","date_gmt":"2025-10-26T00:26:11","guid":{"rendered":"https:\/\/www.europesays.com\/pt\/126460\/"},"modified":"2025-10-26T00:26:11","modified_gmt":"2025-10-26T00:26:11","slug":"big-brother-carolina-braga-ataca-ex-concorrente-quando-me-mandaste-mensagem-o-silencio-ja-era-resposta-desculpa-ter-te-marcado","status":"publish","type":"post","link":"https:\/\/www.europesays.com\/pt\/126460\/","title":{"rendered":"Big Brother&#8221;. Carolina Braga ataca ex-concorrente: &#8220;Quando me mandaste mensagem, o sil\u00eancio j\u00e1 era resposta. Desculpa ter-te marcado"},"content":{"rendered":"<p>A pol\u00e9mica estalou entre <a href=\"https:\/\/selfie.iol.pt\/famosos\/big-brother\/apos-mudanca-radical-no-rosto-carolina-braga-e-criticada-e-responde-a-letra\/20251012\/68eb9f81d34ee0c2fed12841\" target=\"_blank\" rel=\"nofollow noopener\">Carolina Braga<\/a> e <a href=\"https:\/\/selfie.iol.pt\/famosos\/ines-vilhalva\/ines-vilhalva-partilha-novidade-relacionada-com-o-big-brother-infelizmente\/20250624\/685a659ed34e3f0bae9fb463\" target=\"_blank\" rel=\"nofollow noopener\">In\u00eas Vilhalva<\/a>. Tudo aconteceu na rede social X (antigo Twitter), quando In\u00eas Vilhalva lan\u00e7ou uma farpa, a prop\u00f3sito da atual edi\u00e7\u00e3o de &#8220;<a href=\"https:\/\/tvi.iol.pt\/secretstory\/\" target=\"_blank\" rel=\"nofollow noopener\">Secret Story &#8211; Casa dos Segredos<\/a>&#8220;.<\/p>\n<p>&#8220;Ai, queridos!\u00a0Penso que o Bruno [Sim\u00e3o] deve ser vizinho de uma certa figura com quem partilhei casa no BB.\u00a0\u00c9 um Cascais com que n\u00e3o me identifico. Sem n\u00edvel algum, est\u00e3o a ver?&#8221;, assinalou.<\/p>\n<p>Embora In\u00eas Vilhalva n\u00e3o tenha revelado nomes, Carolina Braga decidiu responder-lhe \u00e0 letra: &#8220;Nem todos conseguem manter o n\u00edvel depois do programa. Uns evoluem, outros insistem na mediocridade. Compreens\u00edvel.&#8221;<\/p>\n<p>&#8220;Quando me mandaste mensagem, o meu sil\u00eancio j\u00e1 era resposta, n\u00e3o precisavas de vir aqui pedir aten\u00e7\u00e3o mas desculpa ter-te marcado tanto. Beijinho, querida&#8221;, completou a finalista do &#8220;<a href=\"https:\/\/tvi.iol.pt\/bigbrother\/\" target=\"_blank\" rel=\"nofollow noopener\">Big Brother<\/a> 2025&#8243;.<\/p>\n<p>Veja, agora, algumas das melhores imagens de Carolina Braga nas galerias de fotografias que prepar\u00e1mos para si.<\/p>\n<blockquote class=\"twitter-tweet\">\n<p lang=\"pt\">Nem todos conseguem manter o n\u00edvel depois do programa. Uns evoluem, outros insistem na mediocridade, compreens\u00edvel.<br \/>Quando me mandaste mensagem, o meu sil\u00eancio j\u00e1 era resposta, n\u00e3o precisavas de vir aqui pedir aten\u00e7\u00e3o mas desculpa ter-te marcado tanto. Beijinho querida <a href=\"https:\/\/twitter.com\/hashtag\/sstvi?src=hash&amp;ref_src=twsrc%5Etfw\" rel=\"nofollow noopener\" target=\"_blank\">#sstvi<\/a> <a href=\"https:\/\/t.co\/162u4rwFkI\" rel=\"nofollow\">https:\/\/t.co\/162u4rwFkI<\/a><\/p>\n<p> \u2014 Carolina Braga (@carolina_sbraga) <a href=\"https:\/\/twitter.com\/carolina_sbraga\/status\/1981118903284560078?ref_src=twsrc%5Etfw\" rel=\"nofollow noopener\" target=\"_blank\">October 22, 2025<\/a>\n<\/p><\/blockquote>\n<p>                        <script async src=\"https:\/\/platform.twitter.com\/widgets.js\" charset=\"utf-8\"><\/script><\/p>\n","protected":false},"excerpt":{"rendered":"A pol\u00e9mica estalou entre Carolina Braga e In\u00eas Vilhalva. Tudo aconteceu na rede social X (antigo Twitter), quando&hellip;\n","protected":false},"author":2,"featured_media":126461,"comment_status":"","ping_status":"","sticky":false,"template":"","format":"standard","meta":{"footnotes":""},"categories":[142],"tags":[48,2072,114,115,980,28985,619,32,33,1014,1012,151,162,3664],"class_list":{"0":"post-126460","1":"post","2":"type-post","3":"status-publish","4":"format-standard","5":"has-post-thumbnail","7":"category-tv","8":"tag-big-brother","9":"tag-carolina-braga","10":"tag-entertainment","11":"tag-entretenimento","12":"tag-famosos","13":"tag-ines-vilhalva","14":"tag-nacional","15":"tag-portugal","16":"tag-pt","17":"tag-reality-show","18":"tag-selfie","19":"tag-tv","20":"tag-tvi","21":"tag-twitter"},"share_on_mastodon":{"url":"https:\/\/pubeurope.com\/@pt\/115437632712853405","error":""},"_links":{"self":[{"href":"https:\/\/www.europesays.com\/pt\/wp-json\/wp\/v2\/posts\/126460","targetHints":{"allow":["GET"]}}],"collection":[{"href":"https:\/\/www.europesays.com\/pt\/wp-json\/wp\/v2\/posts"}],"about":[{"href":"https:\/\/www.europesays.com\/pt\/wp-json\/wp\/v2\/types\/post"}],"author":[{"embeddable":true,"href":"https:\/\/www.europesays.com\/pt\/wp-json\/wp\/v2\/users\/2"}],"replies":[{"embeddable":true,"href":"https:\/\/www.europesays.com\/pt\/wp-json\/wp\/v2\/comments?post=126460"}],"version-history":[{"count":0,"href":"https:\/\/www.europesays.com\/pt\/wp-json\/wp\/v2\/posts\/126460\/revisions"}],"wp:featuredmedia":[{"embeddable":true,"href":"https:\/\/www.europesays.com\/pt\/wp-json\/wp\/v2\/media\/126461"}],"wp:attachment":[{"href":"https:\/\/www.europesays.com\/pt\/wp-json\/wp\/v2\/media?parent=126460"}],"wp:term":[{"taxonomy":"category","embeddable":true,"href":"https:\/\/www.europesays.com\/pt\/wp-json\/wp\/v2\/categories?post=126460"},{"taxonomy":"post_tag","embeddable":true,"href":"https:\/\/www.europesays.com\/pt\/wp-json\/wp\/v2\/tags?post=126460"}],"curies":[{"name":"wp","href":"https:\/\/api.w.org\/{rel}","templated":true}]}}