{"id":126517,"date":"2025-10-26T01:18:23","date_gmt":"2025-10-26T01:18:23","guid":{"rendered":"https:\/\/www.europesays.com\/pt\/126517\/"},"modified":"2025-10-26T01:18:23","modified_gmt":"2025-10-26T01:18:23","slug":"afia-reune-lideres-e-especialistas-para-discutir-futuro-do-setor-automovel","status":"publish","type":"post","link":"https:\/\/www.europesays.com\/pt\/126517\/","title":{"rendered":"AFIA re\u00fane l\u00edderes e especialistas para discutir futuro do setor autom\u00f3vel"},"content":{"rendered":"<p>\n\tDe 4 a 6 de novembro, a AFIA re\u00fane l\u00edderes e especialistas em Gaia para discutir os desafios da ind\u00fastria autom\u00f3vel. Saiba como participar.\n<\/p>\n<p>De 4 a 6 de novembro, o Hotel Solverde, em Vila Nova de Gaia, ser\u00e1 o palco do 12.\u00ba Encontro da <a href=\"https:\/\/www.razaoautomovel.com\/etiqueta\/AFIA\" rel=\"nofollow noopener\" target=\"_blank\">AFIA \u2013 Associa\u00e7\u00e3o de Fabricantes para a Ind\u00fastria Autom\u00f3vel<\/a>, integrado na \u201cAutomotive Industry Week\u201d.<\/p>\n<p>Sob o tema \u201cThinking Beyond the Transition\u201d, o evento promete reunir l\u00edderes do setor, decisores pol\u00edticos, compradores internacionais e especialistas para debater os grandes desafios e oportunidades da ind\u00fastria autom\u00f3vel portuguesa e europeia num momento de transforma\u00e7\u00e3o global.<\/p>\n<p>Nos dois primeiros dias, o programa inclui apresenta\u00e7\u00f5es tecnol\u00f3gicas de empresas portuguesas a compradores internacionais, visitas t\u00e9cnicas a unidades do setor e workshops especializados sobre temas emergentes como Intelig\u00eancia Artificial (IA). O objetivo \u00e9 aproximar empresas nacionais de decisores globais, promovendo neg\u00f3cios, parcerias e internacionaliza\u00e7\u00e3o.<\/p>\n<p><img loading=\"lazy\" decoding=\"async\" width=\"1920\" height=\"1080\" src=\"data:image\/svg+xml,%3Csvg%20xmlns=\" http:=\"\" alt=\"linha de produ\u00e7\u00e3o do kia ev4 em zilina\" class=\"wp-image-1070380\" data-lazy- data-lazy- data-lazy-src=\"https:\/\/www.europesays.com\/pt\/wp-content\/uploads\/2025\/10\/kia_zilina-ev4_fabrica-producao_3.webp.webp\"\/>\u00a9 Kia<\/p>\n<p>O \u00faltimo dia ser\u00e1 dedicado \u00e0s grandes confer\u00eancias e debates estrat\u00e9gicos, conduzidos por nomes de refer\u00eancia da ind\u00fastria, entre os quais Jos\u00e9 Couto (Presidente da AFIA), Matthias Zink (Presidente da CLEPA), Walt Madeira (S&amp;P Global Mobility) e Madalena Oliveira e Silva (Presidente da AICEP), entre outros convidados. Est\u00e1 ainda prevista a assinatura de um protocolo de coopera\u00e7\u00e3o ib\u00e9rica entre a AFIA e a cong\u00e9nere espanhola SERNAUTO.<\/p>\n<p>Segundo Jos\u00e9 Couto, presidente da AFIA, \u201ceste encontro \u00e9 um espa\u00e7o privilegiado e necess\u00e1rio para refletir e projetar o futuro do setor autom\u00f3vel, promovendo a capacidade de inova\u00e7\u00e3o, a cria\u00e7\u00e3o de oportunidades e o refor\u00e7o da competitividade portuguesa e europeia\u201d.<\/p>\n<p>O evento distingue-se pela sua dimens\u00e3o pr\u00e1tica: al\u00e9m dos momentos de reflex\u00e3o estrat\u00e9gica, haver\u00e1 amplas oportunidades de networking, contacto com clusters produtivos nacionais e demonstra\u00e7\u00f5es de solu\u00e7\u00f5es inovadoras.<\/p>\n<p>Como participar<\/p>\n<p>As inscri\u00e7\u00f5es decorrem at\u00e9 30 de outubro. Para o dia 5 de novembro, a participa\u00e7\u00e3o pode ter um custo a partir de 30 euros por dia e por participante (para n\u00e3o associados). No dia 6 de novembro, a inscri\u00e7\u00e3o \u00e9 de 100 euros por pessoa (para n\u00e3o associados). <a href=\"https:\/\/afia.pt\/12aiw\/\" target=\"_blank\" rel=\"noreferrer noopener nofollow\">Saiba mais aqui<\/a>.<\/p>\n<p>O dia 5 de novembro termina com um jantar oficial, com inscri\u00e7\u00e3o de 60 euros por participante (associados) e 75 euros para outras empresas.<\/p>\n<p>Programa completo<\/p>\n<tr>Dia\/HoraAtividade<\/tr>\n<tr>\n<td><strong>Ter\u00e7a-feira, 4 de novembro<\/strong><\/td>\n<td\/><\/tr>\n<tr>\n<td>9h00<\/td>\n<td>Welcome Coffee<\/td>\n<\/tr>\n<tr>\n<td>9h30<\/td>\n<td>Welcome Speech<\/p>\n<p>\u2013 Jos\u00e9 Couto, presidente AFIA<br \/>\u2013 Jo\u00e3o Rui Ferreira, secret\u00e1rio de estado da economia<\/p>\n<\/td>\n<\/tr>\n<tr>\n<td>10h00<\/td>\n<td>Pitch: \u201cPortuguese automotive suppliers\u201d<\/td>\n<\/tr>\n<tr>\n<td>11h20<\/td>\n<td>Coffee Break<\/td>\n<\/tr>\n<tr>\n<td>12h00<\/td>\n<td>Pitch: \u201cPortuguese automotive suppliers\u201d<\/td>\n<\/tr>\n<tr>\n<td>13h00<\/td>\n<td>Lunch Break<\/td>\n<\/tr>\n<tr>\n<td>15h00<\/td>\n<td>Pitch: \u201cPortuguese automotive suppliers\u201d<\/td>\n<\/tr>\n<tr>\n<td>16h30<\/td>\n<td>Coffee Break<\/td>\n<\/tr>\n<tr>\n<td>17h00<\/td>\n<td>Pitch: \u201cPortuguese automotive suppliers\u201d<\/td>\n<\/tr>\n<tr>\n<td>18h00<\/td>\n<td>Closing Session<\/td>\n<\/tr>\n<tr>\n<td><strong>Quarta-feira, 5 de novembro<\/strong><\/td>\n<td\/><\/tr>\n<tr>\n<td>10h30<\/td>\n<td>Welcome Coffee<\/td>\n<\/tr>\n<tr>\n<td>11h00<\/td>\n<td>\u201cCrossing opportunities: Automotive x Defence\u201d<\/p>\n<p>\u2013 Rui Santos, Managing director AED Cluster<br \/>\u2013 Lu\u00eds Ribeiro, board member idD Portugal Defence<br \/>\u2013 Ant\u00f3nio Oliveira, brigadier general\/ portuguese army<\/p>\n<\/td>\n<\/tr>\n<tr>\n<td>13h00<\/td>\n<td> Lunch Break<\/td>\n<\/tr>\n<tr>\n<td>15h00<\/td>\n<td>\u201cAI in the Automotive Industry (ongoig PHDS)\u201d*1<\/td>\n<\/tr>\n<tr>\n<td>16h30<\/td>\n<td>Coffee Break<\/td>\n<\/tr>\n<tr>\n<td>17h00<\/td>\n<td>\u201cAI Driven Transformation: How Artificial Intelligence is redefining automotive manufacturing\u201d<\/p>\n<p>\u2013 Lu\u00eds Paulo Reis, Diretor do Laborat\u00f3rio de Intelig\u00eancia Artificial e Ci\u00eancia da Computa\u00e7\u00e3o REIS (FEUP) <\/p>\n<\/td>\n<\/tr>\n<tr>\n<td>18h00<\/td>\n<td>Closing Session<\/td>\n<\/tr>\n<tr>\n<td>19h30<\/td>\n<td>Official Dinner and Networking <\/p>\n<p>\u2013 Gon\u00e7alo Regalado, presidente do Banco Portugu\u00eas de Fomento Quinta Esp\u00edrito Santo, Arcozelo, Vila Nova de Gaia.<\/p>\n<\/td>\n<\/tr>\n<tr>\n<td><strong>6 de novembro, quinta-feira<\/strong><\/td>\n<td\/><\/tr>\n<tr>\n<td>9h00<\/td>\n<td>Welcome Coffee<\/td>\n<\/tr>\n<tr>\n<td>9h30<\/td>\n<td>Opening session<\/p>\n<p>\u2013 Jos\u00e9 Couto, presidente da AFIA<br \/>\u2013 Manuel Castro Almeida, ministro da economia e da coes\u00e3o territorial *2<\/p>\n<\/td>\n<\/tr>\n<tr>\n<td>10h20<\/td>\n<td>\u201cAutomotive forecast in time of uncertainty\u201d<\/p>\n<p>-Walt Madeira, S&amp;P Global Mobility<\/p>\n<\/td>\n<\/tr>\n<tr>\n<td>10h45<\/td>\n<td>Portuguese Automotive Industry Analysis<\/td>\n<\/tr>\n<tr>\n<td>11h15<\/td>\n<td>Coffee Break<\/td>\n<\/tr>\n<tr>\n<td>12h00<\/td>\n<td>\u201cEuropean Automotive: Restoring Competitiveness\u201d<\/p>\n<p>-Matthias Zink, presidente da CLEPA<\/p>\n<\/td>\n<\/tr>\n<tr>\n<td>12h30<\/td>\n<td>\u201cPortugal Global Automotive\u201d<\/p>\n<p>\u2013 Madalena Oliveira e Silva, presidente da AICEP<\/p>\n<\/td>\n<\/tr>\n<tr>\n<td>13h00<\/td>\n<td>Iberian Automotive Cooperation<br \/>AFIA\/SERNAUTO protocol signature<\/td>\n<\/tr>\n<tr>\n<td>13h30<\/td>\n<td>Lunch Break<\/td>\n<\/tr>\n<tr>\n<td>14h30<\/td>\n<td>Geopolitical Analysis<\/p>\n<p>\u2013 Ant\u00f3nio costa Silva, ex ministro da economia<\/p>\n<\/td>\n<\/tr>\n<tr>\n<td>15h30<\/td>\n<td>\u201cLeading through challenging times\u201d<\/p>\n<p>\u2013 Miguel Lopes Cardoso, board member da Sodecia<\/p>\n<\/td>\n<\/tr>\n<tr>\n<td>16h00<\/td>\n<td>Coffee Break<\/td>\n<\/tr>\n<tr>\n<td>16h30<\/td>\n<td>Conclusion<\/p>\n<p>\u2013 Jos\u00e9 Couto, presidente AFIA<\/p>\n<\/td>\n<\/tr>\n<tr>\n<td>17h00<\/td>\n<td>Closing Speech<\/p>\n<p>\u2013 Lu\u00eds Montenegro, primeiro-ministro de Portugal*2 <\/p>\n<\/td>\n<\/tr>\n<tr>\n<td>17h30<\/td>\n<td>Closing Session<\/td>\n<\/tr>\n<p>*1 Moderador por definir<br \/>*2 por confirmar<\/p>\n<p>\t\t\tSabe esta resposta?<br \/>\n\t\t\tEm que ano foi lan\u00e7ado o Honda Crossroad?<\/p>\n","protected":false},"excerpt":{"rendered":"De 4 a 6 de novembro, a AFIA re\u00fane l\u00edderes e especialistas em Gaia para discutir os desafios&hellip;\n","protected":false},"author":2,"featured_media":126518,"comment_status":"","ping_status":"","sticky":false,"template":"","format":"standard","meta":{"footnotes":""},"categories":[83],"tags":[23533,88,89,90,870,32,33],"class_list":{"0":"post-126517","1":"post","2":"type-post","3":"status-publish","4":"format-standard","5":"has-post-thumbnail","7":"category-empresas","8":"tag-afia","9":"tag-business","10":"tag-economy","11":"tag-empresas","12":"tag-eventos","13":"tag-portugal","14":"tag-pt"},"share_on_mastodon":{"url":"https:\/\/pubeurope.com\/@pt\/115437837012679321","error":""},"_links":{"self":[{"href":"https:\/\/www.europesays.com\/pt\/wp-json\/wp\/v2\/posts\/126517","targetHints":{"allow":["GET"]}}],"collection":[{"href":"https:\/\/www.europesays.com\/pt\/wp-json\/wp\/v2\/posts"}],"about":[{"href":"https:\/\/www.europesays.com\/pt\/wp-json\/wp\/v2\/types\/post"}],"author":[{"embeddable":true,"href":"https:\/\/www.europesays.com\/pt\/wp-json\/wp\/v2\/users\/2"}],"replies":[{"embeddable":true,"href":"https:\/\/www.europesays.com\/pt\/wp-json\/wp\/v2\/comments?post=126517"}],"version-history":[{"count":0,"href":"https:\/\/www.europesays.com\/pt\/wp-json\/wp\/v2\/posts\/126517\/revisions"}],"wp:featuredmedia":[{"embeddable":true,"href":"https:\/\/www.europesays.com\/pt\/wp-json\/wp\/v2\/media\/126518"}],"wp:attachment":[{"href":"https:\/\/www.europesays.com\/pt\/wp-json\/wp\/v2\/media?parent=126517"}],"wp:term":[{"taxonomy":"category","embeddable":true,"href":"https:\/\/www.europesays.com\/pt\/wp-json\/wp\/v2\/categories?post=126517"},{"taxonomy":"post_tag","embeddable":true,"href":"https:\/\/www.europesays.com\/pt\/wp-json\/wp\/v2\/tags?post=126517"}],"curies":[{"name":"wp","href":"https:\/\/api.w.org\/{rel}","templated":true}]}}