{"id":126521,"date":"2025-10-26T01:22:09","date_gmt":"2025-10-26T01:22:09","guid":{"rendered":"https:\/\/www.europesays.com\/pt\/126521\/"},"modified":"2025-10-26T01:22:09","modified_gmt":"2025-10-26T01:22:09","slug":"fernanda-serrano-assume-ter-feito-rejuvenescimento-vaginal-cristina-arrasa-criticos-da-atriz","status":"publish","type":"post","link":"https:\/\/www.europesays.com\/pt\/126521\/","title":{"rendered":"Fernanda Serrano &#8211; Assume ter feito rejuvenescimento vaginal! Cristina &#8216;arrasa&#8217; cr\u00edticos da atriz"},"content":{"rendered":"<p><strong>Fernanda Serrano<\/strong> foi uma das convidadas do programa Dois \u00e0s 10, da TVI, e acabou por abordar um tema ainda pouco falado. Aos 51 anos, a atriz <strong>quis quebrar preconceitos e revelou ter recorrido a um tratamento de rejuvenescimento vaginal,<\/strong> motivada pelos sintomas da menopausa.<\/p>\n<p>Durante a conversa com <strong>Cristina Ferreira e Cl\u00e1udio Ramos<\/strong>, Fernanda contou com a presen\u00e7a da m\u00e9dica M\u00f3nica Gomes Ferreira, especialista em Ginecologia e Obstetr\u00edcia, que explicou em direto os benef\u00edcios deste tipo de tratamento. <strong>\u201cExistem tratamentos para estas situa\u00e7\u00f5es como \u00e9 o caso da Fernanda, [tratamentos] minimamente invasivos que v\u00e3o regenerar toda a zona\u201d<\/strong>, explicou a m\u00e9dica.<\/p>\n<p><strong>\u201cFoi o que eu fiz!\u201d<\/strong>, confirmou a atriz, sem rodeios. Apesar da naturalidade com que abordou o tema, Fernanda Serrano acabou por ser alvo de cr\u00edticas nas redes sociais. Muitos coment\u00e1rios negativos levaram <strong>Cristina Ferreira<\/strong> a reagir publicamente, mostrando-se indignada com o preconceito ainda existente em torno da menopausa e dos cuidados com a sa\u00fade \u00edntima.<\/p>\n<p><strong>\u201cA quantidade de coment\u00e1rios assustadores a esta publica\u00e7\u00e3o mostra a urgente necessidade de educa\u00e7\u00e3o sobre o corpo feminino e as mudan\u00e7as associadas ao per\u00edodo da menopausa\u201d<\/strong>, escreveu a apresentadora no Instagram.<\/p>\n<p>Cristina fez ainda quest\u00e3o de sublinhar a import\u00e2ncia da informa\u00e7\u00e3o e do respeito:<strong> \u201cA conversa foi feita ao lado de uma m\u00e9dica que explicou os benef\u00edcios dos tratamentos que eliminam incontin\u00eancia urin\u00e1ria, atrofia e secura vaginal. N\u00e3o h\u00e1 nada pior que a ignor\u00e2ncia. E impor vergonha num assunto t\u00e3o necess\u00e1rio.\u201d<\/strong><\/p>\n<p>Texto: Tiago Miguel Sim\u00f5es; Fotos: Impala\u00a0<\/p>\n<p>\u00a0<\/p>\n<p class=\"intagram-text\">Siga a Nova Gente no Instagram<\/p>\n<p>                        <a href=\"https:\/\/www.instagram.com\/revistanovagente\/\" target=\"_blank\" aria-label=\"instagram\" rel=\"noopener nofollow\"><img decoding=\"async\" style=\"display: block; margin-left: auto; margin-right: auto; width: 250px; height: 83px;\" src=\"https:\/\/www.europesays.com\/pt\/wp-content\/uploads\/2025\/10\/Instagram_NG.png\" alt=\"instagram\"\/><\/a><br \/>\n                    <script async src=\"\/\/www.instagram.com\/embed.js\"><\/script><\/p>\n","protected":false},"excerpt":{"rendered":"Fernanda Serrano foi uma das convidadas do programa Dois \u00e0s 10, da TVI, e acabou por abordar um&hellip;\n","protected":false},"author":2,"featured_media":126522,"comment_status":"","ping_status":"","sticky":false,"template":"","format":"standard","meta":{"footnotes":""},"categories":[145],"tags":[211,210,166,114,115,1408,32,33,28734],"class_list":{"0":"post-126521","1":"post","2":"type-post","3":"status-publish","4":"format-standard","5":"has-post-thumbnail","7":"category-celebridades","8":"tag-celebridades","9":"tag-celebrities","10":"tag-cristina-ferreira","11":"tag-entertainment","12":"tag-entretenimento","13":"tag-fernanda-serrano","14":"tag-portugal","15":"tag-pt","16":"tag-rejuvenescimento-vaginal"},"share_on_mastodon":{"url":"https:\/\/pubeurope.com\/@pt\/115437852833767169","error":""},"_links":{"self":[{"href":"https:\/\/www.europesays.com\/pt\/wp-json\/wp\/v2\/posts\/126521","targetHints":{"allow":["GET"]}}],"collection":[{"href":"https:\/\/www.europesays.com\/pt\/wp-json\/wp\/v2\/posts"}],"about":[{"href":"https:\/\/www.europesays.com\/pt\/wp-json\/wp\/v2\/types\/post"}],"author":[{"embeddable":true,"href":"https:\/\/www.europesays.com\/pt\/wp-json\/wp\/v2\/users\/2"}],"replies":[{"embeddable":true,"href":"https:\/\/www.europesays.com\/pt\/wp-json\/wp\/v2\/comments?post=126521"}],"version-history":[{"count":0,"href":"https:\/\/www.europesays.com\/pt\/wp-json\/wp\/v2\/posts\/126521\/revisions"}],"wp:featuredmedia":[{"embeddable":true,"href":"https:\/\/www.europesays.com\/pt\/wp-json\/wp\/v2\/media\/126522"}],"wp:attachment":[{"href":"https:\/\/www.europesays.com\/pt\/wp-json\/wp\/v2\/media?parent=126521"}],"wp:term":[{"taxonomy":"category","embeddable":true,"href":"https:\/\/www.europesays.com\/pt\/wp-json\/wp\/v2\/categories?post=126521"},{"taxonomy":"post_tag","embeddable":true,"href":"https:\/\/www.europesays.com\/pt\/wp-json\/wp\/v2\/tags?post=126521"}],"curies":[{"name":"wp","href":"https:\/\/api.w.org\/{rel}","templated":true}]}}