{"id":126525,"date":"2025-10-26T01:28:09","date_gmt":"2025-10-26T01:28:09","guid":{"rendered":"https:\/\/www.europesays.com\/pt\/126525\/"},"modified":"2025-10-26T01:28:09","modified_gmt":"2025-10-26T01:28:09","slug":"joao-noronha-lopes-lidera-eleicoes-do-benfica-com-471","status":"publish","type":"post","link":"https:\/\/www.europesays.com\/pt\/126525\/","title":{"rendered":"Jo\u00e3o Noronha Lopes lidera elei\u00e7\u00f5es do Benfica com 47,1%"},"content":{"rendered":"<p>&#8211; Advertisement &#8211;<\/p>\n<p>Jo\u00e3o Noronha Lopes lidera as elei\u00e7\u00f5es do Benfica a n\u00edvel nacional, ultrapassando Rui Costa, que estava em primeiro na \u00faltima contagem. O gestor est\u00e1 com 47,1% dos votos, com Rui Costa a surgir em segundo, com 31,1%.<\/p>\n<p>Eis os quatro primeiros classificados:<\/p>\n<ul class=\"wp-block-list\">\n<li>Jo\u00e3o Diogo Manteigas: 47,1%<\/li>\n<li>Rui Costa: 31,1%<\/li>\n<li>Jo\u00e3o Diogo Manteigas: 10%<\/li>\n<li>Lu\u00eds Filipe Vieira: 8,6%<\/li>\n<\/ul>\n<p>Crist\u00f3v\u00e3o Carvalho, Jo\u00e3o Diogo Manteigas, Jo\u00e3o Noronha Lopes, Lu\u00eds Filipe Vieira, Martim Mayer e Rui Costa concorreram \u00e0 presid\u00eancia do Benfica. <a href=\"https:\/\/bolanarede.pt\/especial-bola-na-rede\/atualidade\/historia-feita-eis-os-numeros-finais-da-votacao-recorde-para-a-presidencia-do-benfica\/\" target=\"_blank\" rel=\"noreferrer noopener nofollow\">85.422 s\u00f3cios encarnados exerceram o seu direito de voto<\/a>, n\u00fameros recorde mundialmente. <\/p>\n<p>Acompanha os <a href=\"https:\/\/bolanarede.pt\/especial-bola-na-rede\/atualidade\/resultados-das-eleicoes-do-benfica-ao-minuto-que-candidato-venceu-em-cada-zona\/\" target=\"_blank\" rel=\"noreferrer noopener nofollow\">resultados das elei\u00e7\u00f5es do Benfica ao minuto. <\/a><\/p>\n","protected":false},"excerpt":{"rendered":"&#8211; Advertisement &#8211; Jo\u00e3o Noronha Lopes lidera as elei\u00e7\u00f5es do Benfica a n\u00edvel nacional, ultrapassando Rui Costa, que&hellip;\n","protected":false},"author":2,"featured_media":117725,"comment_status":"","ping_status":"","sticky":false,"template":"","format":"standard","meta":{"footnotes":""},"categories":[87],"tags":[260,51,11738,135,478,19680,9940,5049,24241,32,33,6058,134],"class_list":{"0":"post-126525","1":"post","2":"type-post","3":"status-publish","4":"format-standard","5":"has-post-thumbnail","7":"category-desporto","8":"tag-atualidade","9":"tag-benfica","10":"tag-cristovao-carvalho","11":"tag-desporto","12":"tag-destaques-bnr","13":"tag-joao-diogo-manteigas","14":"tag-joao-noronha-lopes","15":"tag-luis-filipe-vieira","16":"tag-martim-mayer","17":"tag-portugal","18":"tag-pt","19":"tag-rui-costa","20":"tag-sports"},"share_on_mastodon":{"url":"https:\/\/pubeurope.com\/@pt\/115437877185330214","error":""},"_links":{"self":[{"href":"https:\/\/www.europesays.com\/pt\/wp-json\/wp\/v2\/posts\/126525","targetHints":{"allow":["GET"]}}],"collection":[{"href":"https:\/\/www.europesays.com\/pt\/wp-json\/wp\/v2\/posts"}],"about":[{"href":"https:\/\/www.europesays.com\/pt\/wp-json\/wp\/v2\/types\/post"}],"author":[{"embeddable":true,"href":"https:\/\/www.europesays.com\/pt\/wp-json\/wp\/v2\/users\/2"}],"replies":[{"embeddable":true,"href":"https:\/\/www.europesays.com\/pt\/wp-json\/wp\/v2\/comments?post=126525"}],"version-history":[{"count":0,"href":"https:\/\/www.europesays.com\/pt\/wp-json\/wp\/v2\/posts\/126525\/revisions"}],"wp:featuredmedia":[{"embeddable":true,"href":"https:\/\/www.europesays.com\/pt\/wp-json\/wp\/v2\/media\/117725"}],"wp:attachment":[{"href":"https:\/\/www.europesays.com\/pt\/wp-json\/wp\/v2\/media?parent=126525"}],"wp:term":[{"taxonomy":"category","embeddable":true,"href":"https:\/\/www.europesays.com\/pt\/wp-json\/wp\/v2\/categories?post=126525"},{"taxonomy":"post_tag","embeddable":true,"href":"https:\/\/www.europesays.com\/pt\/wp-json\/wp\/v2\/tags?post=126525"}],"curies":[{"name":"wp","href":"https:\/\/api.w.org\/{rel}","templated":true}]}}