{"id":126528,"date":"2025-10-26T01:31:36","date_gmt":"2025-10-26T01:31:36","guid":{"rendered":"https:\/\/www.europesays.com\/pt\/126528\/"},"modified":"2025-10-26T01:31:36","modified_gmt":"2025-10-26T01:31:36","slug":"mango-ou-hm-estas-saias-estao-debaixo-de-olho-das-espanholas","status":"publish","type":"post","link":"https:\/\/www.europesays.com\/pt\/126528\/","title":{"rendered":"Mango ou H&#038;M? Estas saias est\u00e3o debaixo de olho das espanholas"},"content":{"rendered":"<p>Apesar de estarmos no outono, as saias n\u00e3o ficam de fora e <a href=\"https:\/\/versa.iol.pt\/mango\/tendencia\/reparaste-que-a-peca-tendencia-da-mango-outlet-agora-nem-custa-3-euros\/20251018\/68ee109bd34e58bc6796dc1c\" rel=\"nofollow noopener\" target=\"_blank\">mesmo que sejam minissaias<\/a>, podemos us\u00e1-las com collants para um maior conforto nos dias mais frios. Poder\u00edamos simplesmente correr todas as lojas \u00e0 procura dos novos modelos, mas decidimos ver quais \u00e9 que andam a ser falados l\u00e1 fora.\u00a0<\/p>\n<p>Sendo o estilo das mulheres espanholas uma refer\u00eancia, quisemos saber que saias \u00e9 que t\u00eam debaixo de olho. Descobrimos atrav\u00e9s da <a href=\"https:\/\/www.glamour.es\/articulos\/falda-vaquera-evase-tendencia\" target=\"_blank\" rel=\"nofollow noopener\">revista Glamour<\/a>\u00a0que as saias de ganga est\u00e3o em grande destaque nesta esta\u00e7\u00e3o, no entanto, n\u00e3o \u00e9 o \u00fanico pormenor que vamos querer ver nestas pe\u00e7as.\u00a0<\/p>\n<p>Para al\u00e9m da ganga, as saias devem ter de prefer\u00eancia um corte em &#8220;A&#8221; ou evas\u00e9, conferindo estrutura aos looks, para al\u00e9m de movimento ao contr\u00e1rio do efeito que as saias l\u00e1pis da temporada outono\/inverno 2024 ofereciam.\u00a0<\/p>\n<p>As saias que est\u00e3o na mira de Espanha s\u00e3o de marcas que bem conhecemos, como a H&amp;M e a Mango, havendo tamb\u00e9m uma proposta das francesas S\u00e9zane e ba&amp;sh.<\/p>\n<p>Mostramos cada modelo na galeria de imagens, que deves somar j\u00e1 aos teus pr\u00f3ximos looks de outono\/inverno. N\u00e3o te esque\u00e7as de <a href=\"https:\/\/versa.iol.pt\/botas\/tendencia\/estamos-obcecados-com-estas-botas-retro-eis-as-tres-grandes-tendencias\/20251022\/68f7d7fbd34ee0c2fed1849d\" rel=\"nofollow noopener\" target=\"_blank\">adicionar umas botas retro<\/a>\u00a0ou <a href=\"https:\/\/versa.iol.pt\/sapatos\/conforto\/dizem-que-sao-os-sapatos-mais-confortaveis-de-sempre-e-sao-tendencia\/20251023\/68f89ad1d34e58bc67972af3\" rel=\"nofollow noopener\" target=\"_blank\">sabrinas<\/a>.\u00a0<\/p>\n","protected":false},"excerpt":{"rendered":"Apesar de estarmos no outono, as saias n\u00e3o ficam de fora e mesmo que sejam minissaias, podemos us\u00e1-las&hellip;\n","protected":false},"author":2,"featured_media":126529,"comment_status":"","ping_status":"","sticky":false,"template":"","format":"standard","meta":{"footnotes":""},"categories":[85],"tags":[1081,204,114,115,640,754,186,1079,32,33,10771,4369,1078,1080],"class_list":{"0":"post-126528","1":"post","2":"type-post","3":"status-publish","4":"format-standard","5":"has-post-thumbnail","7":"category-entretenimento","8":"tag-beleza","9":"tag-design","10":"tag-entertainment","11":"tag-entretenimento","12":"tag-espanha","13":"tag-gastronomia","14":"tag-lifestyle","15":"tag-moda","16":"tag-portugal","17":"tag-pt","18":"tag-roupa","19":"tag-saia","20":"tag-versa","21":"tag-viagens"},"share_on_mastodon":{"url":"https:\/\/pubeurope.com\/@pt\/115437888099401364","error":""},"_links":{"self":[{"href":"https:\/\/www.europesays.com\/pt\/wp-json\/wp\/v2\/posts\/126528","targetHints":{"allow":["GET"]}}],"collection":[{"href":"https:\/\/www.europesays.com\/pt\/wp-json\/wp\/v2\/posts"}],"about":[{"href":"https:\/\/www.europesays.com\/pt\/wp-json\/wp\/v2\/types\/post"}],"author":[{"embeddable":true,"href":"https:\/\/www.europesays.com\/pt\/wp-json\/wp\/v2\/users\/2"}],"replies":[{"embeddable":true,"href":"https:\/\/www.europesays.com\/pt\/wp-json\/wp\/v2\/comments?post=126528"}],"version-history":[{"count":0,"href":"https:\/\/www.europesays.com\/pt\/wp-json\/wp\/v2\/posts\/126528\/revisions"}],"wp:featuredmedia":[{"embeddable":true,"href":"https:\/\/www.europesays.com\/pt\/wp-json\/wp\/v2\/media\/126529"}],"wp:attachment":[{"href":"https:\/\/www.europesays.com\/pt\/wp-json\/wp\/v2\/media?parent=126528"}],"wp:term":[{"taxonomy":"category","embeddable":true,"href":"https:\/\/www.europesays.com\/pt\/wp-json\/wp\/v2\/categories?post=126528"},{"taxonomy":"post_tag","embeddable":true,"href":"https:\/\/www.europesays.com\/pt\/wp-json\/wp\/v2\/tags?post=126528"}],"curies":[{"name":"wp","href":"https:\/\/api.w.org\/{rel}","templated":true}]}}