{"id":126551,"date":"2025-10-26T01:57:27","date_gmt":"2025-10-26T01:57:27","guid":{"rendered":"https:\/\/www.europesays.com\/pt\/126551\/"},"modified":"2025-10-26T01:57:27","modified_gmt":"2025-10-26T01:57:27","slug":"com-o-filme-god-complex-brasil-paralelo-se-internacionaliza","status":"publish","type":"post","link":"https:\/\/www.europesays.com\/pt\/126551\/","title":{"rendered":"Com o filme \u201cGod Complex\u201d, Brasil Paralelo se internacionaliza"},"content":{"rendered":"<p class=\"postParagraph_post-paragraph-innerHtml__Q5vwc\">Com seus mais de 800 mil assinantes no pa\u00eds, a Brasil Paralelo acaba de dar um passo firme para sua expans\u00e3o com o lan\u00e7amento do selo Big Picture Originals, que focar\u00e1 em document\u00e1rios de apelo internacional. O primeiro produto da empreitada \u00e9 God Complex: A Ascens\u00e3o da M\u00e1quina de Censura Americana, filme que fornece um bom resumo \u2013 pela perspectiva conservadora \u2013 dos caminhos que levaram os Estados Unidos nos \u00faltimos anos a ir contra um dos princ\u00edpios que eram mais caros ao pa\u00eds: a liberdade de express\u00e3o.<\/p>\n<p class=\"postParagraph_post-paragraph__juWZN\">A obra dirigida por Henrique Viana come\u00e7a recapitulando o que foi a Primavera \u00c1rabe e como as redes sociais tiveram papel crucial para que cidad\u00e3os do norte da \u00c1frica e do Oriente M\u00e9dio se rebelassem contra as institui\u00e7\u00f5es locais. Foi o primeiro grande evento a deixar claro como Facebook, Twitter e cong\u00eaneres teriam poder de influenciar futuros movimentos pol\u00edticos, dando voz ao homem comum, sem o filtro da m\u00eddia convencional.<\/p>\n<p class=\"postParagraph_post-paragraph-innerHtml__Q5vwc\">Ao mesmo tempo em que as pessoas ganharam essa ferramenta, os setores outrora dominantes perceberam que precisavam impor freios ao uso indiscriminado delas. Com depoimentos de gente que foi muito pr\u00f3xima do poder, como o ex-funcion\u00e1rio do Departamento Estado Americano no primeiro governo Donald Trump Mike Benz e da ex-correspondente da Casa Branca Chanel Rion, God Complex aponta quais foram os principais mecanismos usados para encurralar as empresas de tecnologia e ressalta como a\u00e7\u00f5es da autarquia USAID impactaram outros pa\u00edses al\u00e9m dos Estados Unidos.<\/p>\n<p>Admiradores do regime chin\u00eas<\/p>\n<p class=\"postParagraph_post-paragraph-innerHtml__Q5vwc\">O grande m\u00e9rito do document\u00e1rio \u00e9 demonstrar como os progressistas trocaram sua hist\u00f3rica bandeira em apoio ao discurso livre por uma agenda cerceadora de opini\u00f5es divergentes, sem o menor pudor de sufocar iniciativas que amea\u00e7am o establishment. Um trecho de God Complex mostra intelectuais e l\u00edderes pol\u00edticos como o ex-prefeito de Nova York Michael Bloomberg e o ex-primeiro ministro canadense Justin Trudeau elogiando a ditadura da China. Se fosse um produto da Brasil Paralelo voltado aos assinantes brasileiros, caberia at\u00e9 colocar o juiz do STF Gilmar Mendes com a infame frase proferida por ele recentemente: \u201csomos admiradores do regime chin\u00eas\u201d.<\/p>\n<p class=\"postParagraph_post-paragraph-innerHtml__Q5vwc\">O Brasil at\u00e9 aparece rapidamente em God Complex, quando o assunto \u00e9 a influ\u00eancia dos \u00f3rg\u00e3os governamentais na gest\u00e3o Joe Biden durante o pleito em que Jair Bolsonaro foi derrotado e Lula voltou \u00e0 presid\u00eancia. Mas esse \u00e9 s\u00f3 um exemplo de como a press\u00e3o americana influenciou o sistema universalmente, obrigando as plataformas digitais a acatarem normativas com as quais seus pr\u00f3prios donos n\u00e3o concordavam. N\u00e3o por acaso, esses empres\u00e1rios celebraram o retorno de Trump ao poder nos EUA.<\/p>\n<p><img alt=\"\" loading=\"lazy\" width=\"638\" height=\"359\" decoding=\"async\" data-nimg=\"1\" class=\"imageDefault_image-item__lU2Dk\" style=\"color:transparent\" src=\"https:\/\/www.europesays.com\/pt\/wp-content\/uploads\/2025\/10\/god-complex.jpg.webp.webp\"\/><\/p>\n<p class=\"postParagraph_post-paragraph-innerHtml__Q5vwc\">Claro que God Complex s\u00f3 faz sentido para quem vota no Partido Republicano e tem uma vis\u00e3o de mundo mais pr\u00f3xima do campo da direita, o que inclui libert\u00e1rios e at\u00e9 anarcocapitalistas, que costumam ser defensores vorazes da liberdade de express\u00e3o. Quem est\u00e1 na outra ponta do espectro ideol\u00f3gico n\u00e3o vai assistir ao document\u00e1rio e, caso o assistisse, diria que ele defende teses furadas e n\u00e3o reconhece que a esquerda est\u00e1 protegendo o mundo com seu dign\u00edssimo combate ao \u201cdiscurso de \u00f3dio\u201d.<\/p>\n<ul class=\"postList_post-list-container__W0E4y postList_visual-type-unordered-list__M8U7t\">\n<li class=\"postList_post-list-item__34Ck1\"><strong>God Complex: A Ascens\u00e3o da M\u00e1quina de Censura Americana<\/strong><\/li>\n<li class=\"postList_post-list-item__34Ck1\"><strong>2025<\/strong><\/li>\n<li class=\"postList_post-list-item__34Ck1\"><strong>110 minutos<\/strong><\/li>\n<li class=\"postList_post-list-item__34Ck1\"><strong>Indicado para maiores de 16 anos<\/strong><\/li>\n<li class=\"postList_post-list-item__34Ck1\"><strong>Dispon\u00edvel na Brasil Paralelo<\/strong><\/li>\n<\/ul>\n<p class=\"gp-styles-module-size-small-afeYRa gp-styles-module-font-family2-afeYRa gp-styles-module-color-secondary-afeYRa gp-styles-module-weight-bold-afeYRa\">VEJA TAMB\u00c9M:<\/p>\n<ul class=\"postViewMore_post-view-more-list__CU_CE\">\n<li class=\"postViewMore_post-view-more-item__2MzRb\"><img loading=\"lazy\" decoding=\"async\" class=\"imageDefault_image-item__lU2Dk\" src=\"https:\/\/www.europesays.com\/pt\/wp-content\/uploads\/2025\/10\/Moraes-380x214.jpg.webp.webp\" alt=\"O juiz do STF Alexandre de Moraes \u00e9 abordado no document\u00e1rio &quot;The Fake Judge&quot;\" width=\"72\" height=\"72\"\/><a class=\"postViewMore_post-view-more-link-hasImage__0lssj\" href=\"https:\/\/www.gazetadopovo.com.br\/cultura\/documentario-the-fake-judge-ganha-data-estreia-brasil\/?ref=veja-tambem\" title=\"Veja tamb\u00e9m: Document\u00e1rio \u201cThe Fake Judge\u201d ganha data de estreia no Brasil: 1\u00ba de novembro\" rel=\"nofollow noopener\" target=\"_blank\">Document\u00e1rio \u201cThe Fake Judge\u201d ganha data de estreia no Brasil: 1\u00ba de novembro<\/a><\/li>\n<li class=\"postViewMore_post-view-more-item__2MzRb\"><img loading=\"lazy\" decoding=\"async\" class=\"imageDefault_image-item__lU2Dk\" src=\"https:\/\/www.europesays.com\/pt\/wp-content\/uploads\/2025\/10\/Fotos-Gazeta-380x214.jpg.webp.webp\" alt=\"O filme celebra a figura de Jo\u00e3o Paulo\u202fII e a influ\u00eancia do pont\u00edfice no colapso dos regimes comunistas\" width=\"72\" height=\"72\"\/><a class=\"postViewMore_post-view-more-link-hasImage__0lssj\" href=\"https:\/\/www.gazetadopovo.com.br\/cultura\/documentario-o-papa-que-venceu-o-comunismo\/?ref=veja-tambem\" title=\"Veja tamb\u00e9m: Brasil Paralelo lan\u00e7a document\u00e1rio sobre como Jo\u00e3o Paulo II venceu o comunismo\" rel=\"nofollow noopener\" target=\"_blank\">Brasil Paralelo lan\u00e7a document\u00e1rio sobre como Jo\u00e3o Paulo II venceu o comunismo<\/a><\/li>\n<\/ul>\n","protected":false},"excerpt":{"rendered":"Com seus mais de 800 mil assinantes no pa\u00eds, a Brasil Paralelo acaba de dar um passo firme&hellip;\n","protected":false},"author":2,"featured_media":126552,"comment_status":"","ping_status":"","sticky":false,"template":"","format":"standard","meta":{"footnotes":""},"categories":[140],"tags":[12263,2766,7449,114,115,1169,147,148,6322,146,32,33,548,943],"class_list":{"0":"post-126551","1":"post","2":"type-post","3":"status-publish","4":"format-standard","5":"has-post-thumbnail","7":"category-filmes","8":"tag-brasil-paralelo","9":"tag-censura","10":"tag-documentarios","11":"tag-entertainment","12":"tag-entretenimento","13":"tag-facebook","14":"tag-film","15":"tag-filmes","16":"tag-liberdade-de-expressao","17":"tag-movies","18":"tag-portugal","19":"tag-pt","20":"tag-redes-sociais","21":"tag-usaid"},"share_on_mastodon":{"url":"https:\/\/pubeurope.com\/@pt\/115437990457355055","error":""},"_links":{"self":[{"href":"https:\/\/www.europesays.com\/pt\/wp-json\/wp\/v2\/posts\/126551","targetHints":{"allow":["GET"]}}],"collection":[{"href":"https:\/\/www.europesays.com\/pt\/wp-json\/wp\/v2\/posts"}],"about":[{"href":"https:\/\/www.europesays.com\/pt\/wp-json\/wp\/v2\/types\/post"}],"author":[{"embeddable":true,"href":"https:\/\/www.europesays.com\/pt\/wp-json\/wp\/v2\/users\/2"}],"replies":[{"embeddable":true,"href":"https:\/\/www.europesays.com\/pt\/wp-json\/wp\/v2\/comments?post=126551"}],"version-history":[{"count":0,"href":"https:\/\/www.europesays.com\/pt\/wp-json\/wp\/v2\/posts\/126551\/revisions"}],"wp:featuredmedia":[{"embeddable":true,"href":"https:\/\/www.europesays.com\/pt\/wp-json\/wp\/v2\/media\/126552"}],"wp:attachment":[{"href":"https:\/\/www.europesays.com\/pt\/wp-json\/wp\/v2\/media?parent=126551"}],"wp:term":[{"taxonomy":"category","embeddable":true,"href":"https:\/\/www.europesays.com\/pt\/wp-json\/wp\/v2\/categories?post=126551"},{"taxonomy":"post_tag","embeddable":true,"href":"https:\/\/www.europesays.com\/pt\/wp-json\/wp\/v2\/tags?post=126551"}],"curies":[{"name":"wp","href":"https:\/\/api.w.org\/{rel}","templated":true}]}}