{"id":126575,"date":"2025-10-26T02:29:08","date_gmt":"2025-10-26T02:29:08","guid":{"rendered":"https:\/\/www.europesays.com\/pt\/126575\/"},"modified":"2025-10-26T02:29:08","modified_gmt":"2025-10-26T02:29:08","slug":"esta-de-volta-ao-lidl-o-mini-aquecedor-que-nos-conquistou-em-2024","status":"publish","type":"post","link":"https:\/\/www.europesays.com\/pt\/126575\/","title":{"rendered":"Est\u00e1 de volta ao Lidl o mini aquecedor que nos conquistou em 2024"},"content":{"rendered":"<p>No outono de 2024 fizemos <a href=\"https:\/\/versa.iol.pt\/casa\/lidl\/testamos-o-aquecedor-do-lidl-a-menos-de-12-euros-e-ha-5-aspetos-a-destacar\/20241102\/67236f44d34e94b82906ea31\" rel=\"nofollow noopener\" target=\"_blank\">review de um mini aquecedor da marca Silvercrest<\/a> \u00e0 venda no Lidl que nos conquistou por v\u00e1rias raz\u00f5es, entre elas, acabar rapidamente com frio e passar, al\u00e9m de passar despercebido sem ocupar sequer muito espa\u00e7o. Para quem perdeu a oportunidade de o comprar na altura, pode agora faz\u00ea-lo, uma vez que o mini aquecedor est\u00e1 de volta ao Lidl.\u00a0<\/p>\n<p>No <a href=\"https:\/\/www.lidl.pt\/l\/pt\/folhetos\/novidades-a-partir-de-20-10\/view\/flyer\/page\/18?lf=HHZ\" target=\"_blank\" rel=\"nofollow noopener\">novo folheto<\/a>, o mini aquecedor aparece como sugest\u00e3o para aconchegar a casa nos dias que come\u00e7am a ficar mais frios, estando dispon\u00edvel exatamente nas mesmas cores do ano passado, em preto e em branco.\u00a0<\/p>\n<p>Este mini aquecedor tem controlo de temperatura cont\u00ednuo de 6 a 32\u00baC, uma boa varia\u00e7\u00e3o que permite aquecer uma divis\u00e3o bem r\u00e1pido ou mesmo aquecer de forma quase instant\u00e2nea as m\u00e3os que gelaram l\u00e1 fora. Adicionalmente, este equipamento tem uma fun\u00e7\u00e3o de temporizador de 24h, o que permite fazer outras tarefas enquanto deixamos o quarto ou o escrit\u00f3rio a aquecerem.\u00a0<\/p>\n<p>Como se tudo isto n\u00e3o bastasse, o equipamento tem uma pot\u00eancia de 600W, o que significa que, no final do m\u00eas, n\u00e3o vai pesar assim tanto na conta da luz.\u00a0<\/p>\n<p>No fundo, a conta mais pesada \u00e9 a inicial para adquirir o mini aquecedor e mesmo assim n\u00e3o \u00e9 avultada. Cada unidade custa apenas \u20ac12 e chega \u00e0s lojas esta sexta-feira, 24 de outubro. Mostramos o equipamento do Lidl na galeria de imagens.\u00a0<\/p>\n","protected":false},"excerpt":{"rendered":"No outono de 2024 fizemos review de um mini aquecedor da marca Silvercrest \u00e0 venda no Lidl que&hellip;\n","protected":false},"author":2,"featured_media":126576,"comment_status":"","ping_status":"","sticky":false,"template":"","format":"standard","meta":{"footnotes":""},"categories":[84],"tags":[28994,1081,109,107,108,204,9086,754,6513,186,1079,32,33,105,103,104,106,110,1078,1080],"class_list":{"0":"post-126575","1":"post","2":"type-post","3":"status-publish","4":"format-standard","5":"has-post-thumbnail","7":"category-ciencia-e-tecnologia","8":"tag-aquecedor","9":"tag-beleza","10":"tag-ciencia","11":"tag-ciencia-e-tecnologia","12":"tag-cienciaetecnologia","13":"tag-design","14":"tag-frio","15":"tag-gastronomia","16":"tag-lidl","17":"tag-lifestyle","18":"tag-moda","19":"tag-portugal","20":"tag-pt","21":"tag-science","22":"tag-science-and-technology","23":"tag-scienceandtechnology","24":"tag-technology","25":"tag-tecnologia","26":"tag-versa","27":"tag-viagens"},"share_on_mastodon":{"url":"https:\/\/pubeurope.com\/@pt\/115438116095025982","error":""},"_links":{"self":[{"href":"https:\/\/www.europesays.com\/pt\/wp-json\/wp\/v2\/posts\/126575","targetHints":{"allow":["GET"]}}],"collection":[{"href":"https:\/\/www.europesays.com\/pt\/wp-json\/wp\/v2\/posts"}],"about":[{"href":"https:\/\/www.europesays.com\/pt\/wp-json\/wp\/v2\/types\/post"}],"author":[{"embeddable":true,"href":"https:\/\/www.europesays.com\/pt\/wp-json\/wp\/v2\/users\/2"}],"replies":[{"embeddable":true,"href":"https:\/\/www.europesays.com\/pt\/wp-json\/wp\/v2\/comments?post=126575"}],"version-history":[{"count":0,"href":"https:\/\/www.europesays.com\/pt\/wp-json\/wp\/v2\/posts\/126575\/revisions"}],"wp:featuredmedia":[{"embeddable":true,"href":"https:\/\/www.europesays.com\/pt\/wp-json\/wp\/v2\/media\/126576"}],"wp:attachment":[{"href":"https:\/\/www.europesays.com\/pt\/wp-json\/wp\/v2\/media?parent=126575"}],"wp:term":[{"taxonomy":"category","embeddable":true,"href":"https:\/\/www.europesays.com\/pt\/wp-json\/wp\/v2\/categories?post=126575"},{"taxonomy":"post_tag","embeddable":true,"href":"https:\/\/www.europesays.com\/pt\/wp-json\/wp\/v2\/tags?post=126575"}],"curies":[{"name":"wp","href":"https:\/\/api.w.org\/{rel}","templated":true}]}}