{"id":126577,"date":"2025-10-26T02:34:15","date_gmt":"2025-10-26T02:34:15","guid":{"rendered":"https:\/\/www.europesays.com\/pt\/126577\/"},"modified":"2025-10-26T02:34:15","modified_gmt":"2025-10-26T02:34:15","slug":"cristina-ferreira-sofre-contratempo-o-mais-facil-seria-desistir","status":"publish","type":"post","link":"https:\/\/www.europesays.com\/pt\/126577\/","title":{"rendered":"Cristina Ferreira sofre contratempo: &#8220;O mais f\u00e1cil seria desistir&#8221;"},"content":{"rendered":"<p>Para <a href=\"https:\/\/selfie.iol.pt\/famosos\/cristina-ferreira\/indignada-cristina-ferreira-defende-fernanda-serrano-nao-ha-nada-pior-do-que-a-ignorancia\/20251024\/68fb5655d34ee0c2fed19fcd\" target=\"_blank\" rel=\"nofollow noopener\">Cristina Ferreira<\/a>, este s\u00e1bado, dia 25, \u00e9 sin\u00f3nimo de dia de folga, ou seja, de uma caminhada pela Ericeira. No entanto, quando a apresentadora, de 47 anos, decidiu iniciar a pr\u00e1tica desportiva, teve de enfrentar a chuva.<\/p>\n<p>&#8220;Estava a chover. O mais f\u00e1cil seria desistir. Mas fui. Cinco quil\u00f3metros feitos&#8221;, assinalou Cristina Ferreira na legenda de uma fotografia, na qual se mostra ap\u00f3s o exerc\u00edcio.<\/p>\n<p>Veja, agora, algumas das melhores imagens de Cristina Ferreira nas galerias de fotografias que prepar\u00e1mos para si.<\/p>\n<p><img decoding=\"async\" alt=\"\" onclick=\"\" src=\"https:\/\/www.europesays.com\/pt\/wp-content\/uploads\/2025\/10\/1761446055_237_1024.jpeg\" title=\"Cristina Ferreira\"\/><\/p>\n","protected":false},"excerpt":{"rendered":"Para Cristina Ferreira, este s\u00e1bado, dia 25, \u00e9 sin\u00f3nimo de dia de folga, ou seja, de uma caminhada&hellip;\n","protected":false},"author":2,"featured_media":126578,"comment_status":"","ping_status":"","sticky":false,"template":"","format":"standard","meta":{"footnotes":""},"categories":[145],"tags":[3539,2632,211,210,166,135,114,115,5912,980,1015,619,32,33,1315,1012,162],"class_list":{"0":"post-126577","1":"post","2":"type-post","3":"status-publish","4":"format-standard","5":"has-post-thumbnail","7":"category-celebridades","8":"tag-apresentadora","9":"tag-casa-dos-segredos","10":"tag-celebridades","11":"tag-celebrities","12":"tag-cristina-ferreira","13":"tag-desporto","14":"tag-entertainment","15":"tag-entretenimento","16":"tag-exercicio","17":"tag-famosos","18":"tag-instagram","19":"tag-nacional","20":"tag-portugal","21":"tag-pt","22":"tag-secret-story","23":"tag-selfie","24":"tag-tvi"},"share_on_mastodon":{"url":"https:\/\/pubeurope.com\/@pt\/115438136014858848","error":""},"_links":{"self":[{"href":"https:\/\/www.europesays.com\/pt\/wp-json\/wp\/v2\/posts\/126577","targetHints":{"allow":["GET"]}}],"collection":[{"href":"https:\/\/www.europesays.com\/pt\/wp-json\/wp\/v2\/posts"}],"about":[{"href":"https:\/\/www.europesays.com\/pt\/wp-json\/wp\/v2\/types\/post"}],"author":[{"embeddable":true,"href":"https:\/\/www.europesays.com\/pt\/wp-json\/wp\/v2\/users\/2"}],"replies":[{"embeddable":true,"href":"https:\/\/www.europesays.com\/pt\/wp-json\/wp\/v2\/comments?post=126577"}],"version-history":[{"count":0,"href":"https:\/\/www.europesays.com\/pt\/wp-json\/wp\/v2\/posts\/126577\/revisions"}],"wp:featuredmedia":[{"embeddable":true,"href":"https:\/\/www.europesays.com\/pt\/wp-json\/wp\/v2\/media\/126578"}],"wp:attachment":[{"href":"https:\/\/www.europesays.com\/pt\/wp-json\/wp\/v2\/media?parent=126577"}],"wp:term":[{"taxonomy":"category","embeddable":true,"href":"https:\/\/www.europesays.com\/pt\/wp-json\/wp\/v2\/categories?post=126577"},{"taxonomy":"post_tag","embeddable":true,"href":"https:\/\/www.europesays.com\/pt\/wp-json\/wp\/v2\/tags?post=126577"}],"curies":[{"name":"wp","href":"https:\/\/api.w.org\/{rel}","templated":true}]}}