{"id":126603,"date":"2025-10-26T03:05:11","date_gmt":"2025-10-26T03:05:11","guid":{"rendered":"https:\/\/www.europesays.com\/pt\/126603\/"},"modified":"2025-10-26T03:05:11","modified_gmt":"2025-10-26T03:05:11","slug":"casados-a-primeira-vista-raquel-mendes-revolta-se-contra-a-estacao-foi-uma-palhacada-fui-usada-pela-sic","status":"publish","type":"post","link":"https:\/\/www.europesays.com\/pt\/126603\/","title":{"rendered":"Casados \u00e0 Primeira Vista &#8211; Raquel Mendes revolta-se contra a esta\u00e7\u00e3o: &#8220;Foi uma palha\u00e7ada. Fui usada pela SIC&#8221;"},"content":{"rendered":"<p><strong>Raquel Mendes<\/strong>, antiga participante do programa Casados \u00e0 Primeira Vista, da SIC, n\u00e3o poupou cr\u00edticas \u00e0 esta\u00e7\u00e3o nem \u00e0 produtora Shine Iberia, depois de marcar presen\u00e7a na gala final da atual edi\u00e7\u00e3o. A ex-concorrente <strong>confessou sentir-se \u201cusada\u201d e acusou a produ\u00e7\u00e3o de ter montado \u201cum circo\u201d para gerar audi\u00eancias.<\/strong><\/p>\n<p>A coordenadora de eventos contou que apenas \u201cminutos antes de come\u00e7ar\u201d a emiss\u00e3o em direto \u00e9 que foi informada do papel que iria desempenhar.<strong> \u201cSabia que, eventualmente, <a href=\"https:\/\/www.novagente.pt\/casados-primeira-vista-apos-ser-desprezado-por-raquel-hugo-mostra-se-cumplice-com-outra-mulher-linda\" rel=\"nofollow noopener\" target=\"_blank\">o Hugo estaria l\u00e1.<\/a> Tudo bem (\u2026) Mas \u00e9 \u00f3bvio que fiquei nervosa quando, a minutos de entrar para um direto, soube que iria ser confrontada e que me iria sentar num sof\u00e1 dos especialistas, num programa que n\u00e3o \u00e9 o meu e em que eu n\u00e3o participei\u201d<\/strong>, desabafou Raquel num v\u00eddeo partilhado nas suas redes sociais.<\/p>\n<p>Visivelmente indignada, a ex-concorrente disse ter ponderado se devia ou n\u00e3o reagir publicamente, mas acabou por n\u00e3o se conter. <strong>\u201cPensei muito se vinha aqui falar, mas foi uma palha\u00e7ada. Mais uma vez, fui usada pela SIC e pela Shine para fazer audi\u00eancias e para fazer um circo e uma lavagem de roupa suja\u201c,<\/strong> afirmou.<\/p>\n<p>Texto: Tiago Miguel Sim\u00f5es; Fotos: Impala\u00a0<\/p>\n<p class=\"intagram-text\">Siga a Nova Gente no Instagram<\/p>\n<p>                        <a href=\"https:\/\/www.instagram.com\/revistanovagente\/\" target=\"_blank\" aria-label=\"instagram\" rel=\"noopener nofollow\"><img decoding=\"async\" style=\"display: block; margin-left: auto; margin-right: auto; width: 250px; height: 83px;\" src=\"https:\/\/www.europesays.com\/pt\/wp-content\/uploads\/2025\/10\/Instagram_NG.png\" alt=\"instagram\"\/><\/a><br \/>\n                    <script async src=\"\/\/www.instagram.com\/embed.js\"><\/script><\/p>\n","protected":false},"excerpt":{"rendered":"Raquel Mendes, antiga participante do programa Casados \u00e0 Primeira Vista, da SIC, n\u00e3o poupou cr\u00edticas \u00e0 esta\u00e7\u00e3o nem&hellip;\n","protected":false},"author":2,"featured_media":126604,"comment_status":"","ping_status":"","sticky":false,"template":"","format":"standard","meta":{"footnotes":""},"categories":[142],"tags":[5934,114,115,28998,32,33,5936,28997,1751,151],"class_list":{"0":"post-126603","1":"post","2":"type-post","3":"status-publish","4":"format-standard","5":"has-post-thumbnail","7":"category-tv","8":"tag-casados-a-primeira-vista","9":"tag-entertainment","10":"tag-entretenimento","11":"tag-hugo","12":"tag-portugal","13":"tag-pt","14":"tag-raquel","15":"tag-shine","16":"tag-sic","17":"tag-tv"},"share_on_mastodon":{"url":"https:\/\/pubeurope.com\/@pt\/115438257771296632","error":""},"_links":{"self":[{"href":"https:\/\/www.europesays.com\/pt\/wp-json\/wp\/v2\/posts\/126603","targetHints":{"allow":["GET"]}}],"collection":[{"href":"https:\/\/www.europesays.com\/pt\/wp-json\/wp\/v2\/posts"}],"about":[{"href":"https:\/\/www.europesays.com\/pt\/wp-json\/wp\/v2\/types\/post"}],"author":[{"embeddable":true,"href":"https:\/\/www.europesays.com\/pt\/wp-json\/wp\/v2\/users\/2"}],"replies":[{"embeddable":true,"href":"https:\/\/www.europesays.com\/pt\/wp-json\/wp\/v2\/comments?post=126603"}],"version-history":[{"count":0,"href":"https:\/\/www.europesays.com\/pt\/wp-json\/wp\/v2\/posts\/126603\/revisions"}],"wp:featuredmedia":[{"embeddable":true,"href":"https:\/\/www.europesays.com\/pt\/wp-json\/wp\/v2\/media\/126604"}],"wp:attachment":[{"href":"https:\/\/www.europesays.com\/pt\/wp-json\/wp\/v2\/media?parent=126603"}],"wp:term":[{"taxonomy":"category","embeddable":true,"href":"https:\/\/www.europesays.com\/pt\/wp-json\/wp\/v2\/categories?post=126603"},{"taxonomy":"post_tag","embeddable":true,"href":"https:\/\/www.europesays.com\/pt\/wp-json\/wp\/v2\/tags?post=126603"}],"curies":[{"name":"wp","href":"https:\/\/api.w.org\/{rel}","templated":true}]}}