{"id":126613,"date":"2025-10-26T03:19:11","date_gmt":"2025-10-26T03:19:11","guid":{"rendered":"https:\/\/www.europesays.com\/pt\/126613\/"},"modified":"2025-10-26T03:19:11","modified_gmt":"2025-10-26T03:19:11","slug":"teresa-silva-ja-nao-e-mais-a-mesma-hoje-foi-o-dia-mais-esperado","status":"publish","type":"post","link":"https:\/\/www.europesays.com\/pt\/126613\/","title":{"rendered":"Teresa Silva j\u00e1 n\u00e3o \u00e9 mais a mesma: &#8220;Hoje foi o dia mais esperado!&#8221;"},"content":{"rendered":"<p>&#8220;Hoje foi o dia mais esperado!&#8221; Foi desta forma que, recentemente, <a href=\"https:\/\/selfie.iol.pt\/famosos\/teresa-silva\/despida-teresa-silva-fala-sobre-realizacao-de-sonho-estou-muito-feliz\/20251005\/68e2b981d34e58bc67968bc4\" target=\"_blank\" rel=\"nofollow noopener\">Teresa Silva<\/a> anunciou que se submeteu a uma importante mudan\u00e7a est\u00e9tica no respetivo rosto. &#8220;Vim fazer botox&#8221;, acrescentou, de seguida, a comentadora de &#8220;<a href=\"https:\/\/tvi.iol.pt\/secretstory\/\" target=\"_blank\" rel=\"nofollow noopener\">Secret Story &#8211; Casa dos Segredos<\/a>&#8220;.<\/p>\n<p>Teresa Silva ainda garantiu: &#8220;Ganhei anos de vida! Sinto-me muito bem e claramente aconselho a todas as senhoras da minha idade que se cuidem e se mimem!&#8221;<\/p>\n<p>Veja, agora, algumas das melhores imagens de Teresa Silva nas galerias de fotografias que prepar\u00e1mos para si.<\/p>\n<p><img decoding=\"async\" alt=\"\" onclick=\"\" src=\"https:\/\/www.europesays.com\/pt\/wp-content\/uploads\/2025\/10\/1761448751_648_1024.jpeg\" title=\"Teresa Silva\"\/><\/p>\n","protected":false},"excerpt":{"rendered":"&#8220;Hoje foi o dia mais esperado!&#8221; Foi desta forma que, recentemente, Teresa Silva anunciou que se submeteu a&hellip;\n","protected":false},"author":2,"featured_media":126614,"comment_status":"","ping_status":"","sticky":false,"template":"","format":"standard","meta":{"footnotes":""},"categories":[142],"tags":[2632,114,115,980,1015,619,32,33,1014,1315,1012,18748,151,162],"class_list":{"0":"post-126613","1":"post","2":"type-post","3":"status-publish","4":"format-standard","5":"has-post-thumbnail","7":"category-tv","8":"tag-casa-dos-segredos","9":"tag-entertainment","10":"tag-entretenimento","11":"tag-famosos","12":"tag-instagram","13":"tag-nacional","14":"tag-portugal","15":"tag-pt","16":"tag-reality-show","17":"tag-secret-story","18":"tag-selfie","19":"tag-teresa-silva","20":"tag-tv","21":"tag-tvi"},"share_on_mastodon":{"url":"https:\/\/pubeurope.com\/@pt\/115438312792628730","error":""},"_links":{"self":[{"href":"https:\/\/www.europesays.com\/pt\/wp-json\/wp\/v2\/posts\/126613","targetHints":{"allow":["GET"]}}],"collection":[{"href":"https:\/\/www.europesays.com\/pt\/wp-json\/wp\/v2\/posts"}],"about":[{"href":"https:\/\/www.europesays.com\/pt\/wp-json\/wp\/v2\/types\/post"}],"author":[{"embeddable":true,"href":"https:\/\/www.europesays.com\/pt\/wp-json\/wp\/v2\/users\/2"}],"replies":[{"embeddable":true,"href":"https:\/\/www.europesays.com\/pt\/wp-json\/wp\/v2\/comments?post=126613"}],"version-history":[{"count":0,"href":"https:\/\/www.europesays.com\/pt\/wp-json\/wp\/v2\/posts\/126613\/revisions"}],"wp:featuredmedia":[{"embeddable":true,"href":"https:\/\/www.europesays.com\/pt\/wp-json\/wp\/v2\/media\/126614"}],"wp:attachment":[{"href":"https:\/\/www.europesays.com\/pt\/wp-json\/wp\/v2\/media?parent=126613"}],"wp:term":[{"taxonomy":"category","embeddable":true,"href":"https:\/\/www.europesays.com\/pt\/wp-json\/wp\/v2\/categories?post=126613"},{"taxonomy":"post_tag","embeddable":true,"href":"https:\/\/www.europesays.com\/pt\/wp-json\/wp\/v2\/tags?post=126613"}],"curies":[{"name":"wp","href":"https:\/\/api.w.org\/{rel}","templated":true}]}}