{"id":126615,"date":"2025-10-26T03:22:17","date_gmt":"2025-10-26T03:22:17","guid":{"rendered":"https:\/\/www.europesays.com\/pt\/126615\/"},"modified":"2025-10-26T03:22:17","modified_gmt":"2025-10-26T03:22:17","slug":"nao-consegui-dar-ao-man-united-o-sucesso-que-ele-merece","status":"publish","type":"post","link":"https:\/\/www.europesays.com\/pt\/126615\/","title":{"rendered":"\u00abN\u00e3o consegui dar ao Man. United o sucesso que ele merece&#8230;\u00bb"},"content":{"rendered":"<p>\t                Bruno Fernandes destaca a Ta\u00e7a de Inglaterra como o trof\u00e9u mais especial que conquistou pelos \u00abred devils\u00bb<\/p>\n<p>O palmar\u00e9s de Bruno Fernandes, pelo Manchester United, \u00e9 composto por apenas dois trof\u00e9us, mas o internacional portugu\u00eas n\u00e3o tem d\u00favidas quanto ao seu \u00abpreferido\u00bb: a Ta\u00e7a de Inglaterra conquistada ao Manchester City, em 2023\/24.<\/p>\n<p>Na entrevista concedida ao site oficial dos\u00a0red devils, Bruno Fernandes voltou a destacar a vontade que sempre teve de vencer a Liga Inglesa no clube e assegurou que uma das principais m\u00e1goas que tem \u00e9 mesmo o sucesso que n\u00e3o conseguiu dar e que pretendia, ap\u00f3s quase 300 jogos pela equipa principal.<\/p>\n<p>\u00abN\u00e3o consegui dar a este clube o sucesso que deseja e merece, assim como o sucesso que eu desejava alcan\u00e7ar quando assinei pelo Manchester United. Queria este desafio e tive a sorte de me sair bem, mas n\u00e3o o suficiente porque n\u00e3o consegui o que queria. Todos sabem que o meu objetivo \u00e9 vencer a Liga Inglesa e a Liga dos Campe\u00f5es aqui\u00bb, come\u00e7ou por referir.<\/p>\n<p>\u00abA Ta\u00e7a de Inglaterra \u00e9 a mais especial para mim. N\u00e3o porque foi contra o Manchester City, mas porque \u00e9 muito maior para as pessoas em Inglaterra. \u00c9 a primeira Ta\u00e7a nacional do mundo. Foi muito especial, sei o quanto significa para os adeptos, para o clube e para o pa\u00eds\u00bb, acrescentou.<\/p>\n<p>Bruno Fernandes termina contrato com o Manchester United em junho de 2027 e, apesar de tudo, n\u00e3o tem d\u00favidas de que a sua passagem pelo clube foi bem sucedida. O porqu\u00ea? Cumpriu um \u00absonho\u00bb.<\/p>\n<p>\u00abQuando cheguei ao clube, era um sonho. Por isso, realizar esse sonho \u00e9 sucesso. Jogar futebol \u00e9 sucesso. Eu queria jogar futebol e sonhei, mas nunca tive muita certeza de que iria chegar ao n\u00edvel a que cheguei. S\u00f3 queria jogar futebol\u00bb, confessou.<\/p>\n","protected":false},"excerpt":{"rendered":"Bruno Fernandes destaca a Ta\u00e7a de Inglaterra como o trof\u00e9u mais especial que conquistou pelos \u00abred devils\u00bb O&hellip;\n","protected":false},"author":2,"featured_media":126616,"comment_status":"","ping_status":"","sticky":false,"template":"","format":"standard","meta":{"footnotes":""},"categories":[87],"tags":[609,836,611,27,5532,607,608,333,832,604,135,610,476,301,830,665,603,1003,7972,570,831,663,833,62,834,13,835,602,52,32,33,134,29],"class_list":{"0":"post-126615","1":"post","2":"type-post","3":"status-publish","4":"format-standard","5":"has-post-thumbnail","7":"category-desporto","8":"tag-alerta","9":"tag-analise","10":"tag-ao-minuto","11":"tag-breaking-news","12":"tag-bruno-fernandes","13":"tag-cnn","14":"tag-cnn-portugal","15":"tag-comentadores","16":"tag-costa","17":"tag-crime","18":"tag-desporto","19":"tag-direto","20":"tag-economia","21":"tag-governo","22":"tag-guerra","23":"tag-inglaterra","24":"tag-justica","25":"tag-liga-dos-campeoes","26":"tag-liga-inglesa","27":"tag-live","28":"tag-mais-vistas","29":"tag-manchester-united","30":"tag-marcelo","31":"tag-mundo","32":"tag-negocios","33":"tag-noticias","34":"tag-opiniao","35":"tag-pais","36":"tag-politica","37":"tag-portugal","38":"tag-pt","39":"tag-sports","40":"tag-ultimas"},"share_on_mastodon":{"url":"https:\/\/pubeurope.com\/@pt\/115438324485679066","error":""},"_links":{"self":[{"href":"https:\/\/www.europesays.com\/pt\/wp-json\/wp\/v2\/posts\/126615","targetHints":{"allow":["GET"]}}],"collection":[{"href":"https:\/\/www.europesays.com\/pt\/wp-json\/wp\/v2\/posts"}],"about":[{"href":"https:\/\/www.europesays.com\/pt\/wp-json\/wp\/v2\/types\/post"}],"author":[{"embeddable":true,"href":"https:\/\/www.europesays.com\/pt\/wp-json\/wp\/v2\/users\/2"}],"replies":[{"embeddable":true,"href":"https:\/\/www.europesays.com\/pt\/wp-json\/wp\/v2\/comments?post=126615"}],"version-history":[{"count":0,"href":"https:\/\/www.europesays.com\/pt\/wp-json\/wp\/v2\/posts\/126615\/revisions"}],"wp:featuredmedia":[{"embeddable":true,"href":"https:\/\/www.europesays.com\/pt\/wp-json\/wp\/v2\/media\/126616"}],"wp:attachment":[{"href":"https:\/\/www.europesays.com\/pt\/wp-json\/wp\/v2\/media?parent=126615"}],"wp:term":[{"taxonomy":"category","embeddable":true,"href":"https:\/\/www.europesays.com\/pt\/wp-json\/wp\/v2\/categories?post=126615"},{"taxonomy":"post_tag","embeddable":true,"href":"https:\/\/www.europesays.com\/pt\/wp-json\/wp\/v2\/tags?post=126615"}],"curies":[{"name":"wp","href":"https:\/\/api.w.org\/{rel}","templated":true}]}}