{"id":126623,"date":"2025-10-26T03:36:34","date_gmt":"2025-10-26T03:36:34","guid":{"rendered":"https:\/\/www.europesays.com\/pt\/126623\/"},"modified":"2025-10-26T03:36:34","modified_gmt":"2025-10-26T03:36:34","slug":"f-c-porto-inaugura-estatuas-de-quintana-e-aurora-cunha","status":"publish","type":"post","link":"https:\/\/www.europesays.com\/pt\/126623\/","title":{"rendered":"F. C. Porto inaugura est\u00e1tuas de Quintana e Aurora Cunha"},"content":{"rendered":"<p data-remotead-prev-elm=\"true\" data-remotead-elm-id=\"inread\">O F. C. Porto homenageou, este s\u00e1bado, Alfredo Quintana, guarda-redes da equipa de andebol que faleceu em 2021, e Aurora Cunha, antiga atleta dos drag\u00f5es que foi campe\u00e3 mundial de estrada em 1985, com a inaugura\u00e7\u00e3o de est\u00e1tuas de ambos no museu do clube.<\/p>\n<p>&#8220;\u00c9 um prazer enorme estar aqui a prestar homenagem a dois grandes atletas do F. C. Porto. N\u00e3o \u00e9 s\u00f3 uma celebra\u00e7\u00e3o de mem\u00f3ria, mas com muito portismo \u00e0 mistura. Estes dois atletas t\u00eam mais de 30 t\u00edtulos conquistados com muito sangue, suor e l\u00e1grimas&#8221;, afirmou, na cerim\u00f3nia, o presidente portista, Andr\u00e9 Villas-Boas.<\/p>\n<p>&#8220;A Aurora Cunha era uma grande maratonista, uma grande corredora e grande vencedora em grandes palcos mundiais e o F. C. Porto est\u00e1 muito grato por tudo o que atingiu e por ter dignificado o nome do clube al\u00e9m-fronteiras com tudo o que conquistou&#8221;, acrescentou o dirigente m\u00e1ximo dos drag\u00f5es.<\/p>\n<p data-remotead-prev-elm=\"true\" data-remotead-elm-id=\"centro1\">&#8220;O Alfredo Quintana&#8230; hoje est\u00e3o aqui a pequena Alicia e a Raquel, a representar o pai e o marido, um grande atleta do F. C. Porto. Temos tamb\u00e9m a sua equipa de andebol, os colegas que o sentiram de perto. Representou muito para o F. C. Porto, deu a vida em campo pelo clube. A Alicia certamente dan\u00e7ar\u00e1 melhor do que o pai, vimos ali nas imagens, mas deixou grandes mem\u00f3rias no F. C. Porto e \u00e9 algu\u00e9m muito acarinhado&#8221;, referiu Villas-Boas.<\/p>\n<p>&#8220;Esta \u00e9 uma justa homenagem que estende no tempo a vossa presen\u00e7a no F. C. Porto. No caso da Aurora, \u00e9 uma homenagem bem merecida, e no caso do Quintana n\u00e3o h\u00e1 homenagens que possamos fazer para colmatar a aus\u00eancia dele. Queremos sempre perpetu\u00e1-lo no F. C. Porto&#8221;, concluiu.<\/p>\n<p>Presente na cerim\u00f3nia, Aurora Cunha mostrou-se muito orgulhosa. &#8220;Quero agradecer ao presidente Andr\u00e9 Villas-Boas por me fazer esta homenagem em vida porque \u00e9 sentida e \u00e9 um orgulho muito grande para a minha fam\u00edlia e amigos que est\u00e3o c\u00e1 hoje porque \u00e9 merecida&#8221;, disse.<\/p>\n<p data-remotead-prev-elm=\"true\" data-remotead-elm-id=\"centro2\">&#8220;\u00c9 uma homenagem a uma atleta que esteve durante 20 anos ligada ao F. C. Porto, nunca abandonou o F. C. Porto por dinheiro de outros clubes. Fui fiel ao FC Porto e temos aqui &#8220;o rapazinho&#8221; de Jos\u00e9 Maria Pedroto, que em 1977\/78 me p\u00f4s a alcunha de &#8220;o rapazinho de Ronfe&#8221;. Fico feliz, ele l\u00e1 deve estar feliz e a fam\u00edlia dele tamb\u00e9m deve estar feliz porque &#8220;o rapazinho&#8221; acabou por vir parar ao Museu FC Porto&#8221;, sublinhou. Aurora Cunha.<\/p>\n<p>&#8220;Estou muito orgulhosa. O meu marido estaria muito orgulhoso se aqui estivesse entre n\u00f3s porque tamb\u00e9m foi meu treinador. Obrigado ao professor Fonseca e Costa e ao Alfredo Barbosa, foram eles os respons\u00e1veis por estar a partilhar aqui este momento de grande felicidade&#8221;, refor\u00e7ou.<\/p>\n<p>Raquel Ferreira, a esposa de Alfredo Quintana, n\u00e3o escondeu a &#8220;gratid\u00e3o&#8221; pelo momento. &#8221; O presidente Andr\u00e9 Villas-Boas tem um cora\u00e7\u00e3o enorme e tem permitido que a mem\u00f3ria do Quintana se mantenha viva com estas homenagens, n\u00e3o s\u00f3 em datas espec\u00edficas. Esta homenagem vai permitir que cada pessoa que visite o museu relembre o Quintana e conhe\u00e7a a sua hist\u00f3ria. Estou imensamente grata. Falo sempre com a Alicia como se o pai estivesse presente. Ela conhece todas as hist\u00f3rias do pai e v\u00ea todas as fotos e v\u00eddeos, porque eu quero mesmo que ela saiba o grande homem e atleta que o pai era&#8221;, afirmou.<\/p>\n","protected":false},"excerpt":{"rendered":"O F. C. Porto homenageou, este s\u00e1bado, Alfredo Quintana, guarda-redes da equipa de andebol que faleceu em 2021,&hellip;\n","protected":false},"author":2,"featured_media":126624,"comment_status":"","ping_status":"","sticky":false,"template":"","format":"standard","meta":{"footnotes":""},"categories":[87],"tags":[22689,3073,28999,135,20558,32,33,134],"class_list":{"0":"post-126623","1":"post","2":"type-post","3":"status-publish","4":"format-standard","5":"has-post-thumbnail","7":"category-desporto","8":"tag-alfredo-quintana","9":"tag-andre-villas-boas","10":"tag-aurora-cunha","11":"tag-desporto","12":"tag-f-c-porto","13":"tag-portugal","14":"tag-pt","15":"tag-sports"},"share_on_mastodon":{"url":"https:\/\/pubeurope.com\/@pt\/115438379757094753","error":""},"_links":{"self":[{"href":"https:\/\/www.europesays.com\/pt\/wp-json\/wp\/v2\/posts\/126623","targetHints":{"allow":["GET"]}}],"collection":[{"href":"https:\/\/www.europesays.com\/pt\/wp-json\/wp\/v2\/posts"}],"about":[{"href":"https:\/\/www.europesays.com\/pt\/wp-json\/wp\/v2\/types\/post"}],"author":[{"embeddable":true,"href":"https:\/\/www.europesays.com\/pt\/wp-json\/wp\/v2\/users\/2"}],"replies":[{"embeddable":true,"href":"https:\/\/www.europesays.com\/pt\/wp-json\/wp\/v2\/comments?post=126623"}],"version-history":[{"count":0,"href":"https:\/\/www.europesays.com\/pt\/wp-json\/wp\/v2\/posts\/126623\/revisions"}],"wp:featuredmedia":[{"embeddable":true,"href":"https:\/\/www.europesays.com\/pt\/wp-json\/wp\/v2\/media\/126624"}],"wp:attachment":[{"href":"https:\/\/www.europesays.com\/pt\/wp-json\/wp\/v2\/media?parent=126623"}],"wp:term":[{"taxonomy":"category","embeddable":true,"href":"https:\/\/www.europesays.com\/pt\/wp-json\/wp\/v2\/categories?post=126623"},{"taxonomy":"post_tag","embeddable":true,"href":"https:\/\/www.europesays.com\/pt\/wp-json\/wp\/v2\/tags?post=126623"}],"curies":[{"name":"wp","href":"https:\/\/api.w.org\/{rel}","templated":true}]}}