{"id":126648,"date":"2025-10-26T04:15:14","date_gmt":"2025-10-26T04:15:14","guid":{"rendered":"https:\/\/www.europesays.com\/pt\/126648\/"},"modified":"2025-10-26T04:15:14","modified_gmt":"2025-10-26T04:15:14","slug":"estudios-globo-ganham-academia-voltada-a-formacao-e-troca-de-experiencias-entre-geracoes","status":"publish","type":"post","link":"https:\/\/www.europesays.com\/pt\/126648\/","title":{"rendered":"Est\u00fadios Globo ganham Academia voltada \u00e0 forma\u00e7\u00e3o e troca de experi\u00eancias entre gera\u00e7\u00f5es"},"content":{"rendered":"<p>            <img decoding=\"async\" src=\"https:\/\/www.europesays.com\/pt\/wp-content\/uploads\/2025\/10\/estudios-globo-ganham-academia-voltada-a-formacao-e-troca-de-experiencias-entre-geracoes-68fcb9622c9.webp\" alt=\"Juan Jullian e Aguinaldo Silva. Foto: Globo\/Estevam Avellar\"\/><\/p>\n<p>Juan Jullian e Aguinaldo Silva. Foto: Globo\/Estevam Avellar<\/p>\n<p>Em comemora\u00e7\u00e3o aos <strong>30 anos dos Est\u00fadios Globo<\/strong>, foi inaugurada nesta sexta-feira (25) a <strong>Academia Est\u00fadios Globo<\/strong>, um espa\u00e7o dedicado \u00e0 <strong>forma\u00e7\u00e3o cont\u00ednua, troca de experi\u00eancias e valoriza\u00e7\u00e3o de talentos<\/strong>. O evento contou com a presen\u00e7a de nomes como <strong>Aguinaldo Silva, Juan Julian e Pedro Bial<\/strong>, marcando o in\u00edcio de uma nova fase de desenvolvimento art\u00edstico e t\u00e9cnico dentro da emissora.<\/p>\n<p>\ud83d\udccc <strong>O Que Voc\u00ea Precisa Saber<\/strong><\/p>\n<ul>&#13;<\/p>\n<li>Globo celebra <strong>30 anos dos Est\u00fadios Globo<\/strong> com a inaugura\u00e7\u00e3o da <strong>Academia Est\u00fadios Globo<\/strong>.<\/li>\n<p>&#13;<\/p>\n<li>Espa\u00e7o ser\u00e1 voltado \u00e0 <strong>forma\u00e7\u00e3o cont\u00ednua e \u00e0 troca entre gera\u00e7\u00f5es de profissionais<\/strong>.<\/li>\n<p>&#13;<\/p>\n<li>A Academia \u00e9 dividida em <strong>tr\u00eas escolas<\/strong>: Carreiras, Repert\u00f3rio e G\u00eaneros Narrativos.<\/li>\n<p>&#13;<\/p>\n<li>Pain\u00e9is de estreia reuniram <strong>Aguinaldo Silva, Juan Julian, Pedro Bial, Fellipe Awi, Fernanda Neves e Lucas Nascimento Machado<\/strong>.<\/li>\n<p>&#13;<\/p>\n<li>Objetivo \u00e9 <strong>ampliar oportunidades de aprendizado e inova\u00e7\u00e3o<\/strong> em todos os n\u00edveis da produ\u00e7\u00e3o audiovisual.<\/li>\n<p>&#13;<\/p>\n<li>Iniciativa integra projetos como <strong>CriaGlobo Autores<\/strong>, <strong>Mergulho no Universo<\/strong> e <strong>Of\u00edcio em Cena<\/strong>.<\/li>\n<p>&#13;<\/p>\n<li>A Globo refor\u00e7a sua voca\u00e7\u00e3o como <strong>polo de cria\u00e7\u00e3o e excel\u00eancia do conte\u00fado brasileiro<\/strong>.<\/li>\n<p>&#13;\n<\/ul>\n<p><strong>Um marco de aprendizado e integra\u00e7\u00e3o<\/strong><\/p>\n<p>A <strong>Academia Est\u00fadios Globo<\/strong> nasce com o prop\u00f3sito de fortalecer a cultura de aprendizado e inova\u00e7\u00e3o entre os profissionais da casa, promovendo o <strong>interc\u00e2mbio de saberes entre diferentes gera\u00e7\u00f5es<\/strong>.<\/p>\n<p>\u201cTer a Academia funcionando nesse momento \u00e9 um sinal claro de que estamos olhando para nossos desafios, apostando no conhecimento que temos aqui e na capacidade de multiplicar esse conhecimento entre n\u00f3s. A Academia fortalece o conv\u00edvio entre diferentes gera\u00e7\u00f5es de profissionais, estimula a troca de saberes e prepara nossos times para os novos formatos, tecnologias e formas de consumo\u201d, destacou <strong>Amauri Soares<\/strong>, diretor dos Est\u00fadios Globo.<\/p>\n<p>Segundo o executivo, a iniciativa representa um <strong>motor de conhecimento<\/strong> que refor\u00e7a o papel da Globo como \u201ca casa do conte\u00fado brasileiro\u201d.<\/p>\n<p><strong>Tr\u00eas escolas, uma miss\u00e3o: aprender, criar e inovar<\/strong><\/p>\n<p>Estruturada em <strong>tr\u00eas escolas \u2014 Carreiras, Repert\u00f3rio e G\u00eaneros Narrativos \u2014<\/strong>, a Academia re\u00fane <strong>trilhas formativas<\/strong> voltadas a profissionais de diferentes \u00e1reas do entretenimento, dos bastidores aos of\u00edcios art\u00edsticos.<\/p>\n<p>Durante a inaugura\u00e7\u00e3o, os eixos foram apresentados em pain\u00e9is especiais:<\/p>\n<ul>&#13;<\/p>\n<li><strong>Escola de Carreiras:<\/strong> promoveu o di\u00e1logo entre gera\u00e7\u00f5es de autores com <strong>Aguinaldo Silva e Juan Julian<\/strong>, que debateram o processo criativo e os desafios da escrita para TV.<\/li>\n<p>&#13;<\/p>\n<li><strong>Escola de Repert\u00f3rio:<\/strong> trouxe a palestra \u201cComunica\u00e7\u00e3o em Tempos Digitais\u201d, ministrada pelo fil\u00f3sofo e tradutor <strong>Lucas Nascimento Machado<\/strong>, abordando o impacto das m\u00eddias digitais nas rela\u00e7\u00f5es humanas e nas narrativas.<\/li>\n<p>&#13;<\/p>\n<li><strong>Escola de G\u00eaneros Narrativos:<\/strong> teve <strong>Pedro Bial<\/strong>, o diretor <strong>Fellipe Awi<\/strong> e a produtora <strong>Fernanda Neves<\/strong> discutindo bastidores e estrat\u00e9gias da produ\u00e7\u00e3o documental.<\/li>\n<p>&#13;\n<\/ul>\n<p>Aprendizado cont\u00ednuo e futuro da cria\u00e7\u00e3o<\/p>\n<p>De acordo com <strong>Bernardo Portugal<\/strong>, diretor de Talentos Art\u00edsticos, a nova estrutura amplia e integra a\u00e7\u00f5es j\u00e1 existentes, como <strong>CriaGlobo Autores<\/strong>, <strong>Mergulho no Universo<\/strong> e <strong>Of\u00edcio em Cena<\/strong>, agora sob um mesmo guarda-chuva de forma\u00e7\u00e3o.<br \/>&#13;<br \/>\n\u201cNa \u00e1rea de Talentos Art\u00edsticos, j\u00e1 oferec\u00edamos programas voltados para o desenvolvimento. Agora, com a estrutura\u00e7\u00e3o da Academia, ampliamos essa oferta, oferecendo muito mais cursos para os colaboradores dos Est\u00fadios\u201d, explicou Portugal.<\/p>\n<p>A Academia oferece <strong>cursos e workshops presenciais, online e on-demand<\/strong>, com trilhas que se adaptam ao ritmo e \u00e0 carreira de cada colaborador. A proposta \u00e9 <strong>preparar profissionais para novos formatos, linguagens e plataformas<\/strong>, acompanhando as transforma\u00e7\u00f5es do mercado audiovisual brasileiro.<\/p>\n","protected":false},"excerpt":{"rendered":"Juan Jullian e Aguinaldo Silva. Foto: Globo\/Estevam Avellar Em comemora\u00e7\u00e3o aos 30 anos dos Est\u00fadios Globo, foi inaugurada&hellip;\n","protected":false},"author":2,"featured_media":126649,"comment_status":"","ping_status":"","sticky":false,"template":"","format":"standard","meta":{"footnotes":""},"categories":[142],"tags":[29000,3183,29002,29004,29006,114,115,29001,29005,29003,9987,32,33,151],"class_list":{"0":"post-126648","1":"post","2":"type-post","3":"status-publish","4":"format-standard","5":"has-post-thumbnail","7":"category-tv","8":"tag-academia-estudios-globo","9":"tag-aguinaldo-silva","10":"tag-amauri-soares","11":"tag-criaglobo-autores","12":"tag-cursos-estudios-globo","13":"tag-entertainment","14":"tag-entretenimento","15":"tag-estudios-globo","16":"tag-formacao-profissional-globo","17":"tag-juan-julian","18":"tag-pedro-bial","19":"tag-portugal","20":"tag-pt","21":"tag-tv"},"share_on_mastodon":{"url":"https:\/\/pubeurope.com\/@pt\/115438532994389048","error":""},"_links":{"self":[{"href":"https:\/\/www.europesays.com\/pt\/wp-json\/wp\/v2\/posts\/126648","targetHints":{"allow":["GET"]}}],"collection":[{"href":"https:\/\/www.europesays.com\/pt\/wp-json\/wp\/v2\/posts"}],"about":[{"href":"https:\/\/www.europesays.com\/pt\/wp-json\/wp\/v2\/types\/post"}],"author":[{"embeddable":true,"href":"https:\/\/www.europesays.com\/pt\/wp-json\/wp\/v2\/users\/2"}],"replies":[{"embeddable":true,"href":"https:\/\/www.europesays.com\/pt\/wp-json\/wp\/v2\/comments?post=126648"}],"version-history":[{"count":0,"href":"https:\/\/www.europesays.com\/pt\/wp-json\/wp\/v2\/posts\/126648\/revisions"}],"wp:featuredmedia":[{"embeddable":true,"href":"https:\/\/www.europesays.com\/pt\/wp-json\/wp\/v2\/media\/126649"}],"wp:attachment":[{"href":"https:\/\/www.europesays.com\/pt\/wp-json\/wp\/v2\/media?parent=126648"}],"wp:term":[{"taxonomy":"category","embeddable":true,"href":"https:\/\/www.europesays.com\/pt\/wp-json\/wp\/v2\/categories?post=126648"},{"taxonomy":"post_tag","embeddable":true,"href":"https:\/\/www.europesays.com\/pt\/wp-json\/wp\/v2\/tags?post=126648"}],"curies":[{"name":"wp","href":"https:\/\/api.w.org\/{rel}","templated":true}]}}