{"id":126650,"date":"2025-10-26T04:18:19","date_gmt":"2025-10-26T04:18:19","guid":{"rendered":"https:\/\/www.europesays.com\/pt\/126650\/"},"modified":"2025-10-26T04:18:19","modified_gmt":"2025-10-26T04:18:19","slug":"a-minha-resposta-nao-mudaria","status":"publish","type":"post","link":"https:\/\/www.europesays.com\/pt\/126650\/","title":{"rendered":"\u00abA minha resposta n\u00e3o mudaria\u00bb"},"content":{"rendered":"<p>&#8211; Advertisement &#8211;<\/p>\n<p>Bruno Fernandes deu uma entrevista ao The Athletic, onde falou sobre as propostas que recebeu no ver\u00e3o. O internacional portugu\u00eas confirmou que podia ter rumado \u00e0 Ar\u00e1bia Saudita, mais precisamente pelo <a href=\"https:\/\/bolanarede.pt\/etiqueta\/al-hilal-2\/\" target=\"_blank\" rel=\"noreferrer noopener nofollow\">Al Hilal<\/a>:<\/p>\n<p>\u00abA oferta era muito boa em termos salariais. Tudo era muito importante para mim. Tive conversas com o Al Hilal. Todos sabem disso. Houve tamb\u00e9m outros clubes que tentaram depois do Al Hilal, mas a minha resposta n\u00e3o mudaria. Da Ar\u00e1bia Saudita tamb\u00e9m. Da Europa, algumas pessoas falaram comigo, mas nunca cheg\u00e1mos ao ponto de fazer uma oferta concreta. A oferta concreta veio da Ar\u00e1bia Saudita\u00bb.<\/p>\n<p>O m\u00e9dio admitiu que o dinheiro \u00e9 importante:<\/p>\n<p>\u00abO dinheiro \u00e9 importante para todos na vida, mas n\u00e3o estou numa posi\u00e7\u00e3o em que deva contar o meu dinheiro ou ter problemas no futuro se fizer as coisas certas. Eu e a minha fam\u00edlia n\u00e3o somos pessoas que gastam muito dinheiro. Gostamos de ter os nossos luxos e coisas assim, mas estamos muito conscientes do futuro que ainda temos pela frente, do que queremos dar aos nossos filhos, de como queremos que eles cres\u00e7am. N\u00f3s dois viemos de fam\u00edlias que n\u00e3o eram ricas. Nunca faltou comida na mesa, mas estamos muito conscientes porque ainda temos fam\u00edlia em Portugal. A minha m\u00e3e tem nove irm\u00e3os e irm\u00e3s. Estou muito consciente das dificuldades da vida. Para ser sincero, quando terminar a minha carreira, s\u00f3 quero uma vida tranquila na minha casa, indo ao caf\u00e9 \u00e0s vezes com o meu pai.\u00bb<\/p>\n<blockquote class=\"twitter-tweet\" data-width=\"550\" data-dnt=\"true\">\n<p lang=\"en\" dir=\"ltr\">\ud83d\udea8\ud83c\udf99\ufe0f | Bruno Fernandes on rejecting Saudi money:<\/p>\n<p>\u201cMoney is important to everyone in life, but I\u2019m not in a position where I should be counting my money or having problems in the future if I do things right. Me and my family, we\u2019re not people that spend a lot of money. We like to\u2026 <a href=\"https:\/\/t.co\/rpRX6CoHIa\" rel=\"nofollow\">pic.twitter.com\/rpRX6CoHIa<\/a><\/p>\n<p>\u2014 UtdDistrict (@UtdDistrict) <a href=\"https:\/\/twitter.com\/UtdDistrict\/status\/1981761745892127020?ref_src=twsrc%5Etfw\" rel=\"nofollow noopener\" target=\"_blank\">October 24, 2025<\/a><\/p><\/blockquote>\n<p><script async src=\"https:\/\/platform.twitter.com\/widgets.js\" charset=\"utf-8\"><\/script><\/p>\n","protected":false},"excerpt":{"rendered":"&#8211; Advertisement &#8211; Bruno Fernandes deu uma entrevista ao The Athletic, onde falou sobre as propostas que recebeu&hellip;\n","protected":false},"author":2,"featured_media":126651,"comment_status":"","ping_status":"","sticky":false,"template":"","format":"standard","meta":{"footnotes":""},"categories":[87],"tags":[5406,260,5532,135,663,32,33,134],"class_list":{"0":"post-126650","1":"post","2":"type-post","3":"status-publish","4":"format-standard","5":"has-post-thumbnail","7":"category-desporto","8":"tag-al-hilal","9":"tag-atualidade","10":"tag-bruno-fernandes","11":"tag-desporto","12":"tag-manchester-united","13":"tag-portugal","14":"tag-pt","15":"tag-sports"},"share_on_mastodon":{"url":"https:\/\/pubeurope.com\/@pt\/115438544667479835","error":""},"_links":{"self":[{"href":"https:\/\/www.europesays.com\/pt\/wp-json\/wp\/v2\/posts\/126650","targetHints":{"allow":["GET"]}}],"collection":[{"href":"https:\/\/www.europesays.com\/pt\/wp-json\/wp\/v2\/posts"}],"about":[{"href":"https:\/\/www.europesays.com\/pt\/wp-json\/wp\/v2\/types\/post"}],"author":[{"embeddable":true,"href":"https:\/\/www.europesays.com\/pt\/wp-json\/wp\/v2\/users\/2"}],"replies":[{"embeddable":true,"href":"https:\/\/www.europesays.com\/pt\/wp-json\/wp\/v2\/comments?post=126650"}],"version-history":[{"count":0,"href":"https:\/\/www.europesays.com\/pt\/wp-json\/wp\/v2\/posts\/126650\/revisions"}],"wp:featuredmedia":[{"embeddable":true,"href":"https:\/\/www.europesays.com\/pt\/wp-json\/wp\/v2\/media\/126651"}],"wp:attachment":[{"href":"https:\/\/www.europesays.com\/pt\/wp-json\/wp\/v2\/media?parent=126650"}],"wp:term":[{"taxonomy":"category","embeddable":true,"href":"https:\/\/www.europesays.com\/pt\/wp-json\/wp\/v2\/categories?post=126650"},{"taxonomy":"post_tag","embeddable":true,"href":"https:\/\/www.europesays.com\/pt\/wp-json\/wp\/v2\/tags?post=126650"}],"curies":[{"name":"wp","href":"https:\/\/api.w.org\/{rel}","templated":true}]}}