{"id":126652,"date":"2025-10-26T04:23:10","date_gmt":"2025-10-26T04:23:10","guid":{"rendered":"https:\/\/www.europesays.com\/pt\/126652\/"},"modified":"2025-10-26T04:23:10","modified_gmt":"2025-10-26T04:23:10","slug":"lituania-encerra-aeroporto-de-vilnius-apos-novo-avistamento-de-baloes-meteorologicos-bielorrussia","status":"publish","type":"post","link":"https:\/\/www.europesays.com\/pt\/126652\/","title":{"rendered":"Litu\u00e2nia encerra aeroporto de Vilnius ap\u00f3s novo avistamento de bal\u00f5es meteorol\u00f3gicos | Bielorr\u00fassia"},"content":{"rendered":"<p>A Litu\u00e2nia encerrou este s\u00e1bado o aeroporto de Vilnius depois de bal\u00f5es meteorol\u00f3gicos de h\u00e9lio terem entrado no seu territ\u00f3rio pela segunda vez em menos de 24 horas. O aeroporto, dizem as autoridades, permanecer\u00e1 encerrado pelo menos at\u00e9 \u00e0s 2h deste domingo (00h em Portugal continental).<\/p>\n<p>\u00c9 o quarto incidente deste tipo no pa\u00eds b\u00e1ltico este m\u00eas \u2014 o \u00faltimo tinha acontecido esta sexta-feira e obrigou a encerrar os dois maiores aeroportos do pa\u00eds \u2014\u200b numa altura em que a avia\u00e7\u00e3o europeia <a href=\"https:\/\/www.publico.pt\/2025\/09\/26\/mundo\/noticia\/mes-incidentes-ceus-europa-suspeitas-russia-2148604\" target=\"_blank\" rel=\"nofollow noopener\">tem sido repetidamente perturbada<\/a> pelo avistamento de drones e outros dispositivos no espa\u00e7o a\u00e9reo europeu. Tais incidentes levaram ao encerramento dos aeroportos de Copenhaga e Munique, entre outros.<\/p>\n<p>Na sexta-feira, as autoridades informaram que os aeroportos de Vilnius e Kaunas iam permanecer encerrados por motivos de seguran\u00e7a at\u00e9 \u00e0s 2h locais, ao passo que as fronteiras com a Bielorr\u00fassia permanecer\u00e3o fechadas at\u00e9 \u00e0s 12h de domingo (14h em Portugal continental).<\/p>\n<p>        &#13;<\/p>\n<p>&#13;<br \/>\n                &#13;\n            <\/p>\n<p>&#13;<\/p>\n<p>As autoridades afirmam que os bal\u00f5es s\u00e3o enviados por contrabandistas e que transportam cigarros, mas apontam o dedo ao Presidente da Bielorr\u00fassia, Alexander Lukashenko, um aliado pr\u00f3ximo do Presidente russo, Vladimir Putin, por n\u00e3o impedir que tal aconte\u00e7a.<\/p>\n<p>&#8220;A Comiss\u00e3o de Seguran\u00e7a Nacional reunir-se-\u00e1 na pr\u00f3xima semana para avaliar (&#8230;) o que pode ser feito a curto prazo que seja doloroso para os contrabandistas e para o regime de Lukashenko, que lhes permite prosperar&#8221;, afirmou a primeira-ministra da Litu\u00e2nia, Inga Ruginiene, em comunicado <a href=\"https:\/\/www.facebook.com\/inga.ruginiene\/posts\/24926151167033814\" target=\"_blank\" rel=\"nofollow noopener\">publicado no Facebook<\/a>.<\/p>\n<p>O Centro Nacional de Gest\u00e3o de Crises da Litu\u00e2nia afirmou que os radares lituanos detectaram esta sexta-feira &#8220;dezenas de bal\u00f5es&#8221; a entrar no espa\u00e7o a\u00e9reo da Litu\u00e2nia a partir da Bielorr\u00fassia.<\/p>\n<p>O aeroporto de Vilnius j\u00e1 tinha sido encerrado na ter\u00e7a-feira desta semana, assim como a 5 de Outubro, quando <a href=\"https:\/\/www.publico.pt\/2025\/10\/05\/mundo\/noticia\/aeroporto-vilnius-reabre-apos-avistamento-baloes-suspeitos-2149667\" target=\"_blank\" rel=\"nofollow noopener\">v\u00e1rios bal\u00f5es entraram no espa\u00e7o a\u00e9reo da capital<\/a>. Tamb\u00e9m esta sexta-feira, dois avi\u00f5es militares russos <a href=\"https:\/\/www.publico.pt\/2025\/10\/23\/mundo\/noticia\/dois-avioes-militares-russos-violaram-brevemente-espaco-aereo-lituania-2151957\" target=\"_blank\" rel=\"nofollow noopener\">violaram brevemente o espa\u00e7o a\u00e9reo lituano<\/a>, possivelmente numa miss\u00e3o de treino de reabastecimento, percorrendo 700 metros dentro do espa\u00e7o a\u00e9reo da Litu\u00e2nia, a partir da regi\u00e3o de Kaliningrado.<\/p>\n","protected":false},"excerpt":{"rendered":"A Litu\u00e2nia encerrou este s\u00e1bado o aeroporto de Vilnius depois de bal\u00f5es meteorol\u00f3gicos de h\u00e9lio terem entrado no&hellip;\n","protected":false},"author":2,"featured_media":126653,"comment_status":"","ping_status":"","sticky":false,"template":"","format":"standard","meta":{"footnotes":""},"categories":[50],"tags":[2870,27,28,445,15,16,14,25,26,6554,21,22,62,12,13,19,20,23,24,17,18,29,30,31,636,29007,63,64,65],"class_list":{"0":"post-126652","1":"post","2":"type-post","3":"status-publish","4":"format-standard","5":"has-post-thumbnail","7":"category-mundo","8":"tag-bielorrussia","9":"tag-breaking-news","10":"tag-breakingnews","11":"tag-europa","12":"tag-featured-news","13":"tag-featurednews","14":"tag-headlines","15":"tag-latest-news","16":"tag-latestnews","17":"tag-lituania","18":"tag-main-news","19":"tag-mainnews","20":"tag-mundo","21":"tag-news","22":"tag-noticias","23":"tag-noticias-principais","24":"tag-noticiasprincipais","25":"tag-principais-noticias","26":"tag-principaisnoticias","27":"tag-top-stories","28":"tag-topstories","29":"tag-ultimas","30":"tag-ultimas-noticias","31":"tag-ultimasnoticias","32":"tag-uniao-europeia","33":"tag-vilnius","34":"tag-world","35":"tag-world-news","36":"tag-worldnews"},"share_on_mastodon":{"url":"https:\/\/pubeurope.com\/@pt\/115438564360440192","error":""},"_links":{"self":[{"href":"https:\/\/www.europesays.com\/pt\/wp-json\/wp\/v2\/posts\/126652","targetHints":{"allow":["GET"]}}],"collection":[{"href":"https:\/\/www.europesays.com\/pt\/wp-json\/wp\/v2\/posts"}],"about":[{"href":"https:\/\/www.europesays.com\/pt\/wp-json\/wp\/v2\/types\/post"}],"author":[{"embeddable":true,"href":"https:\/\/www.europesays.com\/pt\/wp-json\/wp\/v2\/users\/2"}],"replies":[{"embeddable":true,"href":"https:\/\/www.europesays.com\/pt\/wp-json\/wp\/v2\/comments?post=126652"}],"version-history":[{"count":0,"href":"https:\/\/www.europesays.com\/pt\/wp-json\/wp\/v2\/posts\/126652\/revisions"}],"wp:featuredmedia":[{"embeddable":true,"href":"https:\/\/www.europesays.com\/pt\/wp-json\/wp\/v2\/media\/126653"}],"wp:attachment":[{"href":"https:\/\/www.europesays.com\/pt\/wp-json\/wp\/v2\/media?parent=126652"}],"wp:term":[{"taxonomy":"category","embeddable":true,"href":"https:\/\/www.europesays.com\/pt\/wp-json\/wp\/v2\/categories?post=126652"},{"taxonomy":"post_tag","embeddable":true,"href":"https:\/\/www.europesays.com\/pt\/wp-json\/wp\/v2\/tags?post=126652"}],"curies":[{"name":"wp","href":"https:\/\/api.w.org\/{rel}","templated":true}]}}