{"id":126654,"date":"2025-10-26T04:26:11","date_gmt":"2025-10-26T04:26:11","guid":{"rendered":"https:\/\/www.europesays.com\/pt\/126654\/"},"modified":"2025-10-26T04:26:11","modified_gmt":"2025-10-26T04:26:11","slug":"sem-virginia-ze-felipe-faz-festa-na-piscina-para-os-filhos-em-sua-mansao","status":"publish","type":"post","link":"https:\/\/www.europesays.com\/pt\/126654\/","title":{"rendered":"Sem Virginia, Z\u00e9 Felipe faz festa na piscina para os filhos em sua mans\u00e3o"},"content":{"rendered":"<p>O cantor <a href=\"https:\/\/caras.com.br\/tags\/ze-felipe\" rel=\"nofollow noopener\" target=\"_blank\"><strong>Z\u00e9 Felipe<\/strong><\/a> aproveitou que est\u00e1 com os filhos em sua mans\u00e3o neste final de semana para fazer uma festa na piscina. Enquanto a ex-mulher, <a href=\"https:\/\/caras.com.br\/tags\/virginia\" rel=\"nofollow noopener\" target=\"_blank\"><strong>Virginia Fonseca<\/strong><\/a>, est\u00e1 na Espanha para reencontrar <a href=\"https:\/\/caras.com.br\/tags\/vini-jr\" rel=\"nofollow noopener\" target=\"_blank\"><strong>Vini Jr<\/strong><\/a>, o artista est\u00e1 cuidando dos filhos em Goi\u00e2nia, Goi\u00e1s, e decidiu fazer um evento em sua casa.<\/p>\n<p>Z\u00e9 reuniu os tr\u00eas filhos, <strong>Maria Alice<\/strong>, de 4 anos, <strong>Maria Flor<\/strong>, de 3 anos, e <strong>Jos\u00e9 Leonardo<\/strong>, de 1 ano, com os amiguinhos do condom\u00ednio para uma festa divertida na piscina. Inclusive, ele caprichou na decora\u00e7\u00e3o.<\/p>\n<p>A festa na piscina teve painel com a arte do evento e os nomes das crian\u00e7as, v\u00e1rias boias coloridas e at\u00e9 uma mesa com atividades na \u00e1rea externa. Para a ocasi\u00e3o, os filhos de Z\u00e9 usaram looks iguais para entrarem na piscina e at\u00e9 fizeram pintura art\u00edstica nos rostos.<\/p>\n<p> <img loading=\"lazy\" decoding=\"async\" class=\"wp-image-1022685 size-full img-fluid lazy\" alt=\"Z\u00e9 Felipe faz festa na piscina para os filhos - Foto: Reprodu\u00e7\u00e3o \/ Instagram\" width=\"792\" height=\"1408\" src=\"https:\/\/www.europesays.com\/pt\/wp-content\/uploads\/2025\/10\/festa-na-piscina-de-ze-felipe-3.jpg\"  \/>Z\u00e9 Felipe faz festa na piscina para os filhos \u2013 Foto: Reprodu\u00e7\u00e3o \/ Instagram <img loading=\"lazy\" decoding=\"async\" class=\"wp-image-1022686 size-full img-fluid lazy\" alt=\"Z\u00e9 Felipe faz festa na piscina para os filhos - Foto: Reprodu\u00e7\u00e3o \/ Instagram\" width=\"786\" height=\"1396\" src=\"https:\/\/www.europesays.com\/pt\/wp-content\/uploads\/2025\/10\/festa-na-piscina-de-ze-felipe-4.jpg\"  \/>Z\u00e9 Felipe faz festa na piscina para os filhos \u2013 Foto: Reprodu\u00e7\u00e3o \/ Instagram <img loading=\"lazy\" decoding=\"async\" class=\"wp-image-1022687 size-full img-fluid lazy\" alt=\"Z\u00e9 Felipe faz festa na piscina para os filhos - Foto: Reprodu\u00e7\u00e3o \/ Instagram\" width=\"786\" height=\"1406\" src=\"https:\/\/www.europesays.com\/pt\/wp-content\/uploads\/2025\/10\/festa-na-piscina-de-ze-felipe-5.jpg\"  \/>Z\u00e9 Felipe faz festa na piscina para os filhos \u2013 Foto: Reprodu\u00e7\u00e3o \/ Instagram <img loading=\"lazy\" decoding=\"async\" class=\"wp-image-1022690 size-full img-fluid lazy\" alt=\"Z\u00e9 Felipe faz festa na piscina para os filhos - Foto: Reprodu\u00e7\u00e3o \/ Instagram\" width=\"788\" height=\"1400\" src=\"https:\/\/www.europesays.com\/pt\/wp-content\/uploads\/2025\/10\/festa-na-piscina-de-ze-felipe-8.jpg\"  \/>Z\u00e9 Felipe faz festa na piscina para os filhos \u2013 Foto: Reprodu\u00e7\u00e3o \/ Instagram <img loading=\"lazy\" decoding=\"async\" class=\"wp-image-1022693 size-full img-fluid lazy\" alt=\"Z\u00e9 Felipe faz festa na piscina para os filhos - Foto: Reprodu\u00e7\u00e3o \/ Instagram\" width=\"786\" height=\"1404\" src=\"https:\/\/www.europesays.com\/pt\/wp-content\/uploads\/2025\/10\/festa-na-piscina-de-ze-felipe.jpg\"  \/>Z\u00e9 Felipe faz festa na piscina para os filhos \u2013 Foto: Reprodu\u00e7\u00e3o \/ Instagram <img loading=\"lazy\" decoding=\"async\" class=\"wp-image-1022684 size-full img-fluid lazy\" alt=\"Z\u00e9 Felipe faz festa na piscina para os filhos - Foto: Reprodu\u00e7\u00e3o \/ Instagram\" width=\"784\" height=\"1402\" src=\"https:\/\/www.europesays.com\/pt\/wp-content\/uploads\/2025\/10\/festa-na-piscina-de-ze-felipe-2.jpg\"  \/>Z\u00e9 Felipe faz festa na piscina para os filhos \u2013 Foto: Reprodu\u00e7\u00e3o \/ Instagram <img loading=\"lazy\" decoding=\"async\" class=\"wp-image-1022688 size-full img-fluid lazy\" alt=\"Z\u00e9 Felipe faz festa na piscina para os filhos - Foto: Reprodu\u00e7\u00e3o \/ Instagram\" width=\"792\" height=\"1408\" src=\"https:\/\/www.europesays.com\/pt\/wp-content\/uploads\/2025\/10\/festa-na-piscina-de-ze-felipe-6.jpg\"  \/>Z\u00e9 Felipe faz festa na piscina para os filhos \u2013 Foto: Reprodu\u00e7\u00e3o \/ Instagram <img loading=\"lazy\" decoding=\"async\" class=\"wp-image-1022689 size-full img-fluid lazy\" alt=\"Z\u00e9 Felipe faz festa na piscina para os filhos - Foto: Reprodu\u00e7\u00e3o \/ Instagram\" width=\"790\" height=\"1404\" src=\"https:\/\/www.europesays.com\/pt\/wp-content\/uploads\/2025\/10\/festa-na-piscina-de-ze-felipe-7.jpg\"  \/>Z\u00e9 Felipe faz festa na piscina para os filhos \u2013 Foto: Reprodu\u00e7\u00e3o \/ Instagram <img loading=\"lazy\" decoding=\"async\" class=\"wp-image-1022691 size-full img-fluid lazy\" alt=\"Z\u00e9 Felipe faz festa na piscina para os filhos - Foto: Reprodu\u00e7\u00e3o \/ Instagram\" width=\"784\" height=\"1396\" src=\"https:\/\/www.europesays.com\/pt\/wp-content\/uploads\/2025\/10\/festa-na-piscina-de-ze-felipe-9.jpg\"  \/>Z\u00e9 Felipe faz festa na piscina para os filhos \u2013 Foto: Reprodu\u00e7\u00e3o \/ Instagram Relembre a carreira de Z\u00e9 Felipe <\/p>\n<p>Jos\u00e9 Felipe Rocha Costa, o Z\u00e9 Felipe, \u00e9 muito mais do que o filho do \u00edcone sertanejo Leonardo. Aos 27 anos, o artista se consolidou como um fen\u00f4meno da m\u00fasica brasileira, capaz de emplacar hits sucessivos que dominam as plataformas de streaming e, principalmente, as redes sociais.<\/p>\n<p>Z\u00e9 Felipe teve seu primeiro contato com a m\u00fasica na inf\u00e2ncia, seguindo a tradi\u00e7\u00e3o da fam\u00edlia, que inclui o tio Leandro e o pai Leonardo, da lend\u00e1ria dupla sertaneja.<\/p>\n<ul>\n<li>Estreia em 2014: Seu lan\u00e7amento oficial como cantor solo ocorreu em 2014, no palco do Doming\u00e3o do Faust\u00e3o, apadrinhado pelo pai.<\/li>\n<li>Primeiros Sucessos: A partir da\u00ed, lan\u00e7ou \u00e1lbuns e singles de sertanejo rom\u00e2ntico, como Saudade de Voc\u00ea e Deixa Que Ela Decide, mostrando um talento vocal ineg\u00e1vel, mas buscando se desvencilhar das inevit\u00e1veis compara\u00e7\u00f5es com o pai famoso.<\/li>\n<li>Parcerias Internacionais: Sua versatilidade j\u00e1 era notada com parcerias de peso, como a m\u00fasica Tan F\u00e1cil com o grupo latino CNCO e uma participa\u00e7\u00e3o no remix de Subeme La Radio de Enrique Iglesias.<\/li>\n<li>Hits do Digital: A partir de 2021, com o lan\u00e7amento de faixas como Malvada, Toma Toma Vapo Vapo, Bandido e Vacil\u00e3o, Z\u00e9 Felipe se tornou um \u201chitmaker\u201d. Suas m\u00fasicas batem recordes de plays nas plataformas e viralizam no TikTok, muitas vezes com coreografias criadas por ele e sua esposa.<\/li>\n<li>Reconhecimento: Esse sucesso avassalador lhe rendeu m\u00faltiplos certificados de Diamante e a cobi\u00e7ada placa \u201chitmaker\u201d da gravadora Som Livre, por ultrapassar a marca de 4,6 bilh\u00f5es de plays nas plataformas digitais.<\/li>\n<\/ul>\n<p>O sucesso de Z\u00e9 Felipe \u00e9 a prova de que carisma, talento e uma boa estrat\u00e9gia digital podem ser a f\u00f3rmula para o estrelato na m\u00fasica contempor\u00e2nea brasileira.<\/p>\n<p><strong>Leia tamb\u00e9m<\/strong>: <a href=\"https:\/\/caras.com.br\/festas\/veja-as-8-lembrancinhas-da-festa-de-aniversario-de-maria-flor-filha-de-virginia-e-ze-felipe.phtml\" rel=\"nofollow noopener\" target=\"_blank\">Veja as 8 lembrancinhas da festa de anivers\u00e1rio de Maria Flor, filha de Virginia e Z\u00e9 Felipe<\/a><\/p>\n<p>        <a href=\"https:\/\/caras.com.br\/autor\/priscilla-comoti\" rel=\"nofollow noopener\" target=\"_blank\">&#13;<br \/>\n          <img alt=\"Priscilla Comoti\" src=\"https:\/\/www.europesays.com\/pt\/wp-content\/uploads\/2025\/10\/1761452771_408_e53883bdf02c542f6517b68879e8cb08b27a1d55c4dfd53577e47d3ab6331a06\"  class=\"avatar avatar-115 photo rounded-circle mr-3\" height=\"115\" width=\"115\" loading=\"lazy\" decoding=\"async\"\/>        <\/a><\/p>\n<p>Priscilla Comoti \u00e9 editora de conte\u00fado do site CARAS. Ela \u00e9 formada em jornalismo e em audiovisual, j\u00e1 passou pelos sites Contigo!, Minha Novela, TiTiTi, Mais Novela e Portal M\u00e1rcia Piovesan. Escreve sobre celebridades, not\u00edcias sobre a fam\u00edlia real brit\u00e2nica, TV, reality show e novelas.<\/p>\n","protected":false},"excerpt":{"rendered":"O cantor Z\u00e9 Felipe aproveitou que est\u00e1 com os filhos em sua mans\u00e3o neste final de semana para&hellip;\n","protected":false},"author":2,"featured_media":126655,"comment_status":"","ping_status":"","sticky":false,"template":"","format":"standard","meta":{"footnotes":""},"categories":[145],"tags":[211,210,114,115,29008,32,33,973,1445],"class_list":{"0":"post-126654","1":"post","2":"type-post","3":"status-publish","4":"format-standard","5":"has-post-thumbnail","7":"category-celebridades","8":"tag-celebridades","9":"tag-celebrities","10":"tag-entertainment","11":"tag-entretenimento","12":"tag-festa-na-piscina","13":"tag-portugal","14":"tag-pt","15":"tag-virginia","16":"tag-ze-felipe"},"share_on_mastodon":{"url":"https:\/\/pubeurope.com\/@pt\/115438576358291970","error":""},"_links":{"self":[{"href":"https:\/\/www.europesays.com\/pt\/wp-json\/wp\/v2\/posts\/126654","targetHints":{"allow":["GET"]}}],"collection":[{"href":"https:\/\/www.europesays.com\/pt\/wp-json\/wp\/v2\/posts"}],"about":[{"href":"https:\/\/www.europesays.com\/pt\/wp-json\/wp\/v2\/types\/post"}],"author":[{"embeddable":true,"href":"https:\/\/www.europesays.com\/pt\/wp-json\/wp\/v2\/users\/2"}],"replies":[{"embeddable":true,"href":"https:\/\/www.europesays.com\/pt\/wp-json\/wp\/v2\/comments?post=126654"}],"version-history":[{"count":0,"href":"https:\/\/www.europesays.com\/pt\/wp-json\/wp\/v2\/posts\/126654\/revisions"}],"wp:featuredmedia":[{"embeddable":true,"href":"https:\/\/www.europesays.com\/pt\/wp-json\/wp\/v2\/media\/126655"}],"wp:attachment":[{"href":"https:\/\/www.europesays.com\/pt\/wp-json\/wp\/v2\/media?parent=126654"}],"wp:term":[{"taxonomy":"category","embeddable":true,"href":"https:\/\/www.europesays.com\/pt\/wp-json\/wp\/v2\/categories?post=126654"},{"taxonomy":"post_tag","embeddable":true,"href":"https:\/\/www.europesays.com\/pt\/wp-json\/wp\/v2\/tags?post=126654"}],"curies":[{"name":"wp","href":"https:\/\/api.w.org\/{rel}","templated":true}]}}