{"id":126658,"date":"2025-10-26T04:32:18","date_gmt":"2025-10-26T04:32:18","guid":{"rendered":"https:\/\/www.europesays.com\/pt\/126658\/"},"modified":"2025-10-26T04:32:18","modified_gmt":"2025-10-26T04:32:18","slug":"jose-mourinho-revela-novidade-na-convocatoria-do-benfica","status":"publish","type":"post","link":"https:\/\/www.europesays.com\/pt\/126658\/","title":{"rendered":"Jos\u00e9 Mourinho revela novidade na convocat\u00f3ria do Benfica"},"content":{"rendered":"<p>&#8211; Advertisement &#8211;<\/p>\n<p><strong>Jos\u00e9 Mourinho realizou esta sexta-feira a antevis\u00e3o para a partida entre o Benfica e o Arouca, relativo \u00e0 Primeira Liga.<\/strong><\/p>\n<p>Jos\u00e9 Mourinho falou com os jornalistas durante esta sexta-feira, de maneira a realizar a antevis\u00e3o ao jogo entre o Benfica e o Arouca, v\u00e1lido pela nona jornada da <a href=\"https:\/\/bolanarede.pt\/etiqueta\/primeira-liga\/\" target=\"_blank\" rel=\"noreferrer noopener nofollow\">Primeira Liga<\/a>. O t\u00e9cnico afirmou que Gianluca Prestianni vai ser convocado:<\/p>\n<p>\u00abFizemos bem em deixar o Prestianni ao Mundial, \u00e9 dif\u00edcil dizer que n\u00e3o. Mas desenvolveu-se, sentiu responsabilidade, sentiu o que \u00e9 jogar uma final, foi uma \u00f3tima decis\u00e3o. Voltou e treinou durante dois dias, est\u00e1 convocado e pode ser op\u00e7\u00e3o. Vem com confian\u00e7a e alegria de lhe terem as coisas corrido bem\u00bb<\/p>\n<p>Podes ler a <a href=\"https:\/\/bolanarede.pt\/especial-bola-na-rede\/atualidade\/jose-mourinho-anteve-arouca-ao-minuto\/\" target=\"_blank\" rel=\"noreferrer noopener nofollow\">antevis\u00e3o completa<\/a>.<\/p>\n","protected":false},"excerpt":{"rendered":"&#8211; Advertisement &#8211; Jos\u00e9 Mourinho realizou esta sexta-feira a antevis\u00e3o para a partida entre o Benfica e o&hellip;\n","protected":false},"author":2,"featured_media":126659,"comment_status":"","ping_status":"","sticky":false,"template":"","format":"standard","meta":{"footnotes":""},"categories":[87],"tags":[3249,260,51,135,478,1385,32,479,33,134],"class_list":{"0":"post-126658","1":"post","2":"type-post","3":"status-publish","4":"format-standard","5":"has-post-thumbnail","7":"category-desporto","8":"tag-arouca","9":"tag-atualidade","10":"tag-benfica","11":"tag-desporto","12":"tag-destaques-bnr","13":"tag-jose-mourinho","14":"tag-portugal","15":"tag-primeira-liga","16":"tag-pt","17":"tag-sports"},"share_on_mastodon":{"url":"https:\/\/pubeurope.com\/@pt\/115438599721082686","error":""},"_links":{"self":[{"href":"https:\/\/www.europesays.com\/pt\/wp-json\/wp\/v2\/posts\/126658","targetHints":{"allow":["GET"]}}],"collection":[{"href":"https:\/\/www.europesays.com\/pt\/wp-json\/wp\/v2\/posts"}],"about":[{"href":"https:\/\/www.europesays.com\/pt\/wp-json\/wp\/v2\/types\/post"}],"author":[{"embeddable":true,"href":"https:\/\/www.europesays.com\/pt\/wp-json\/wp\/v2\/users\/2"}],"replies":[{"embeddable":true,"href":"https:\/\/www.europesays.com\/pt\/wp-json\/wp\/v2\/comments?post=126658"}],"version-history":[{"count":0,"href":"https:\/\/www.europesays.com\/pt\/wp-json\/wp\/v2\/posts\/126658\/revisions"}],"wp:featuredmedia":[{"embeddable":true,"href":"https:\/\/www.europesays.com\/pt\/wp-json\/wp\/v2\/media\/126659"}],"wp:attachment":[{"href":"https:\/\/www.europesays.com\/pt\/wp-json\/wp\/v2\/media?parent=126658"}],"wp:term":[{"taxonomy":"category","embeddable":true,"href":"https:\/\/www.europesays.com\/pt\/wp-json\/wp\/v2\/categories?post=126658"},{"taxonomy":"post_tag","embeddable":true,"href":"https:\/\/www.europesays.com\/pt\/wp-json\/wp\/v2\/tags?post=126658"}],"curies":[{"name":"wp","href":"https:\/\/api.w.org\/{rel}","templated":true}]}}