{"id":126664,"date":"2025-10-26T04:43:24","date_gmt":"2025-10-26T04:43:24","guid":{"rendered":"https:\/\/www.europesays.com\/pt\/126664\/"},"modified":"2025-10-26T04:43:24","modified_gmt":"2025-10-26T04:43:24","slug":"casa-dos-segredos-a-polemica-mensagem-que-dylan-recebeu-do-exterior","status":"publish","type":"post","link":"https:\/\/www.europesays.com\/pt\/126664\/","title":{"rendered":"Casa dos Segredos &#8211; A pol\u00e9mica &#8216;mensagem&#8217; que Dylan recebeu do exterior"},"content":{"rendered":"<p><strong>Dylan<\/strong> tem sido um dos grandes protagonistas da<strong> Casa dos Segredos<\/strong>, mas nem sempre pelos melhores motivos. Depois de se envolver numa <a href=\"https:\/\/www.novagente.pt\/casa-dos-segredos-escandalo-vera-agride-dylan-com-varias-chapadas-video\" rel=\"nofollow noopener\" target=\"_blank\">discuss\u00e3o<\/a> com <strong>Vera<\/strong>, que resultou na expuls\u00e3o\u00a0da concorrente, Dylan fez algumas <a href=\"https:\/\/www.novagente.pt\/casa-dos-segredos-dylan-acusado-de-homofobia-olha-carinha-de\" rel=\"nofollow noopener\" target=\"_blank\">observa\u00e7\u00f5es pol\u00e9micas <\/a>sobre o colega <strong>Leandro<\/strong>.<\/p>\n<blockquote>\n<p><strong>Leia ainda: <\/strong>Casa dos Segredos &#8211; <a href=\"https:\/\/www.novagente.pt\/casa-dos-segredos-por-esta-ninguem-esperava-liliana-adivinha-segredo-de-marisa-pedro-jorge\" rel=\"nofollow noopener\" target=\"_blank\">Por esta ningu\u00e9m esperava! Liliana &#8216;adivinha&#8217; segredo de Marisa e Pedro Jorge\u00a0<\/a><\/p>\n<\/blockquote>\n<p>Se antes o ex-affair de Vera j\u00e1 tinha demonstrado vontade de abandonar a casa, agora h\u00e1 quem pe\u00e7a literalmente que ele saia. Num v\u00eddeo partilhado nas redes sociais, ouvem-se gritos vindos do exterior, exigindo que o jovem deixe o reality show pelo pr\u00f3prio p\u00e9.<\/p>\n<p><strong>Ora confira:\u00a0<\/strong><\/p>\n<blockquote class=\"twitter-tweet\">\n<p dir=\"ltr\" lang=\"pt\" xml:lang=\"pt\">Foram gritar para o Homof\u00f3bico? Para ele sair \u00a0<a href=\"https:\/\/twitter.com\/hashtag\/sstvi?src=hash&amp;ref_src=twsrc%5Etfw\" rel=\"nofollow noopener\" target=\"_blank\">#sstvi<\/a> <a href=\"https:\/\/t.co\/kfKjXC7zCw\" rel=\"nofollow\">pic.twitter.com\/kfKjXC7zCw<\/a><\/p>\n<p>\u2014 100_filtro (@AnaPere75335145) <a href=\"https:\/\/twitter.com\/AnaPere75335145\/status\/1981445093413265581?ref_src=twsrc%5Etfw\" rel=\"nofollow noopener\" target=\"_blank\">October 23, 2025<\/a><\/p>\n<\/blockquote>\n<p>\u00a0<\/p>\n<p>Bruna Gomes fala sobre a Casa dos Segredos\u00a0<\/p>\n<p>Texto: Beatriz Soares; Fotos: Arquivo Impala e Redes Sociais.\u00a0<\/p>\n<p class=\"intagram-text\">Siga a Nova Gente no Instagram<\/p>\n<p>                        <a href=\"https:\/\/www.instagram.com\/revistanovagente\/\" target=\"_blank\" aria-label=\"instagram\" rel=\"noopener nofollow\"><img decoding=\"async\" style=\"display: block; margin-left: auto; margin-right: auto; width: 250px; height: 83px;\" src=\"https:\/\/www.europesays.com\/pt\/wp-content\/uploads\/2025\/10\/Instagram_NG.png\" alt=\"instagram\"\/><\/a><br \/>\n                    <script async src=\"https:\/\/platform.twitter.com\/widgets.js\" charset=\"utf-8\"><\/script><script async src=\"\/\/www.instagram.com\/embed.js\"><\/script><\/p>\n","protected":false},"excerpt":{"rendered":"Dylan tem sido um dos grandes protagonistas da Casa dos Segredos, mas nem sempre pelos melhores motivos. Depois&hellip;\n","protected":false},"author":2,"featured_media":126665,"comment_status":"","ping_status":"","sticky":false,"template":"","format":"standard","meta":{"footnotes":""},"categories":[142],"tags":[2632,166,19105,114,115,12397,32,33,1315,151,11841],"class_list":{"0":"post-126664","1":"post","2":"type-post","3":"status-publish","4":"format-standard","5":"has-post-thumbnail","7":"category-tv","8":"tag-casa-dos-segredos","9":"tag-cristina-ferreira","10":"tag-dylan","11":"tag-entertainment","12":"tag-entretenimento","13":"tag-leandro","14":"tag-portugal","15":"tag-pt","16":"tag-secret-story","17":"tag-tv","18":"tag-vera"},"share_on_mastodon":{"url":"https:\/\/pubeurope.com\/@pt\/115438643147750217","error":""},"_links":{"self":[{"href":"https:\/\/www.europesays.com\/pt\/wp-json\/wp\/v2\/posts\/126664","targetHints":{"allow":["GET"]}}],"collection":[{"href":"https:\/\/www.europesays.com\/pt\/wp-json\/wp\/v2\/posts"}],"about":[{"href":"https:\/\/www.europesays.com\/pt\/wp-json\/wp\/v2\/types\/post"}],"author":[{"embeddable":true,"href":"https:\/\/www.europesays.com\/pt\/wp-json\/wp\/v2\/users\/2"}],"replies":[{"embeddable":true,"href":"https:\/\/www.europesays.com\/pt\/wp-json\/wp\/v2\/comments?post=126664"}],"version-history":[{"count":0,"href":"https:\/\/www.europesays.com\/pt\/wp-json\/wp\/v2\/posts\/126664\/revisions"}],"wp:featuredmedia":[{"embeddable":true,"href":"https:\/\/www.europesays.com\/pt\/wp-json\/wp\/v2\/media\/126665"}],"wp:attachment":[{"href":"https:\/\/www.europesays.com\/pt\/wp-json\/wp\/v2\/media?parent=126664"}],"wp:term":[{"taxonomy":"category","embeddable":true,"href":"https:\/\/www.europesays.com\/pt\/wp-json\/wp\/v2\/categories?post=126664"},{"taxonomy":"post_tag","embeddable":true,"href":"https:\/\/www.europesays.com\/pt\/wp-json\/wp\/v2\/tags?post=126664"}],"curies":[{"name":"wp","href":"https:\/\/api.w.org\/{rel}","templated":true}]}}