{"id":126670,"date":"2025-10-26T04:58:05","date_gmt":"2025-10-26T04:58:05","guid":{"rendered":"https:\/\/www.europesays.com\/pt\/126670\/"},"modified":"2025-10-26T04:58:05","modified_gmt":"2025-10-26T04:58:05","slug":"vitor-goncalves-e-o-novo-diretor-de-informacao-da-rtp","status":"publish","type":"post","link":"https:\/\/www.europesays.com\/pt\/126670\/","title":{"rendered":"V\u00edtor Gon\u00e7alves \u00e9 o novo diretor de Informa\u00e7\u00e3o da RTP"},"content":{"rendered":"<p>                Na sequ\u00eancia da reorganiza\u00e7\u00e3o interna da esta\u00e7\u00e3o p\u00fablica, Jos\u00e9 Fragoso foi nomeado diretor da RTP1, RTP Internacional e RTP \u00c1frica.\u00a0<\/p>\n<p>A RTP2 e a RTP Mem\u00f3ria ficam sob a responsabilidade de Gon\u00e7alo Mada\u00edl.<\/p>\n<p>A nova organiza\u00e7\u00e3o da RTP vai passar a ter 23 diretores, contra os atuais 30 diretores e diretores-adjuntos.\u00a0<\/p>\n<p>As nomea\u00e7\u00f5es aguardam parecer vinculativo da Entidade Reguladora para a Comunica\u00e7\u00e3o Social (ERC).&#13;\n            <\/p>\n","protected":false},"excerpt":{"rendered":"Na sequ\u00eancia da reorganiza\u00e7\u00e3o interna da esta\u00e7\u00e3o p\u00fablica, Jos\u00e9 Fragoso foi nomeado diretor da RTP1, RTP Internacional e&hellip;\n","protected":false},"author":2,"featured_media":126671,"comment_status":"","ping_status":"","sticky":false,"template":"","format":"standard","meta":{"footnotes":""},"categories":[142],"tags":[114,115,13,32,33,420,421,151],"class_list":{"0":"post-126670","1":"post","2":"type-post","3":"status-publish","4":"format-standard","5":"has-post-thumbnail","7":"category-tv","8":"tag-entertainment","9":"tag-entretenimento","10":"tag-noticias","11":"tag-portugal","12":"tag-pt","13":"tag-rtp","14":"tag-rtp-noticias","15":"tag-tv"},"share_on_mastodon":{"url":"https:\/\/pubeurope.com\/@pt\/115438701958200827","error":""},"_links":{"self":[{"href":"https:\/\/www.europesays.com\/pt\/wp-json\/wp\/v2\/posts\/126670","targetHints":{"allow":["GET"]}}],"collection":[{"href":"https:\/\/www.europesays.com\/pt\/wp-json\/wp\/v2\/posts"}],"about":[{"href":"https:\/\/www.europesays.com\/pt\/wp-json\/wp\/v2\/types\/post"}],"author":[{"embeddable":true,"href":"https:\/\/www.europesays.com\/pt\/wp-json\/wp\/v2\/users\/2"}],"replies":[{"embeddable":true,"href":"https:\/\/www.europesays.com\/pt\/wp-json\/wp\/v2\/comments?post=126670"}],"version-history":[{"count":0,"href":"https:\/\/www.europesays.com\/pt\/wp-json\/wp\/v2\/posts\/126670\/revisions"}],"wp:featuredmedia":[{"embeddable":true,"href":"https:\/\/www.europesays.com\/pt\/wp-json\/wp\/v2\/media\/126671"}],"wp:attachment":[{"href":"https:\/\/www.europesays.com\/pt\/wp-json\/wp\/v2\/media?parent=126670"}],"wp:term":[{"taxonomy":"category","embeddable":true,"href":"https:\/\/www.europesays.com\/pt\/wp-json\/wp\/v2\/categories?post=126670"},{"taxonomy":"post_tag","embeddable":true,"href":"https:\/\/www.europesays.com\/pt\/wp-json\/wp\/v2\/tags?post=126670"}],"curies":[{"name":"wp","href":"https:\/\/api.w.org\/{rel}","templated":true}]}}