{"id":126678,"date":"2025-10-26T05:17:26","date_gmt":"2025-10-26T05:17:26","guid":{"rendered":"https:\/\/www.europesays.com\/pt\/126678\/"},"modified":"2025-10-26T05:17:26","modified_gmt":"2025-10-26T05:17:26","slug":"lagrimas-de-liliana-fazem-arrepiar-pedro-jorge-e-o-momento-e-dos-mais-fortes-desta-edicao-secret-story","status":"publish","type":"post","link":"https:\/\/www.europesays.com\/pt\/126678\/","title":{"rendered":"L\u00e1grimas de Liliana \u00abfazem arrepiar\u00bb Pedro Jorge. E o momento \u00e9 dos mais fortes desta edi\u00e7\u00e3o &#8211; Secret Story"},"content":{"rendered":"<p>No Secret Story 9, Liliana chora desalmadamente e Pedro diz que ela o \u00abfez arrepiar\u00bb com o seu pranto, num dos momentos mais tensos e fortes desta edi\u00e7\u00e3o.\u00a0<\/p>\n<p><strong>Esta semana cinco concorrentes est\u00e3o em risco de abandonar a casa mais vigiada do Pa\u00eds. Vote para salvar o seu concorrente favorito:<\/strong><\/p>\n<p><strong>BRUNO \u2013 761 20 20 04<br \/>IN\u00caS \u2013 761 20 20 10<br \/>LILIANA \u2013 761 20 20 14<br \/>MARIANA \u2013 761 20 20 15<br \/>RUI \u2013 761 20 20 19<\/strong><\/p>\n<p><a href=\"https:\/\/tvi.iol.pt\/secretstory\/aominuto\" rel=\"nofollow noopener\" target=\"_blank\">Acompanhe, ao minuto, tudo o que acontece na casa mais vigiada do Pa\u00eds<\/a><\/p>\n","protected":false},"excerpt":{"rendered":"No Secret Story 9, Liliana chora desalmadamente e Pedro diz que ela o \u00abfez arrepiar\u00bb com o seu&hellip;\n","protected":false},"author":2,"featured_media":126679,"comment_status":"","ping_status":"","sticky":false,"template":"","format":"standard","meta":{"footnotes":""},"categories":[142],"tags":[114,115,19033,19016,19034,14646,32,33,151,19032],"class_list":{"0":"post-126678","1":"post","2":"type-post","3":"status-publish","4":"format-standard","5":"has-post-thumbnail","7":"category-tv","8":"tag-entertainment","9":"tag-entretenimento","10":"tag-galas-em-video","11":"tag-liliana","12":"tag-melhores-momentos-casa-dos-segredos","13":"tag-pedro","14":"tag-portugal","15":"tag-pt","16":"tag-tv","17":"tag-videos-secret-story-tvi"},"share_on_mastodon":{"url":"https:\/\/pubeurope.com\/@pt\/115438776698767555","error":""},"_links":{"self":[{"href":"https:\/\/www.europesays.com\/pt\/wp-json\/wp\/v2\/posts\/126678","targetHints":{"allow":["GET"]}}],"collection":[{"href":"https:\/\/www.europesays.com\/pt\/wp-json\/wp\/v2\/posts"}],"about":[{"href":"https:\/\/www.europesays.com\/pt\/wp-json\/wp\/v2\/types\/post"}],"author":[{"embeddable":true,"href":"https:\/\/www.europesays.com\/pt\/wp-json\/wp\/v2\/users\/2"}],"replies":[{"embeddable":true,"href":"https:\/\/www.europesays.com\/pt\/wp-json\/wp\/v2\/comments?post=126678"}],"version-history":[{"count":0,"href":"https:\/\/www.europesays.com\/pt\/wp-json\/wp\/v2\/posts\/126678\/revisions"}],"wp:featuredmedia":[{"embeddable":true,"href":"https:\/\/www.europesays.com\/pt\/wp-json\/wp\/v2\/media\/126679"}],"wp:attachment":[{"href":"https:\/\/www.europesays.com\/pt\/wp-json\/wp\/v2\/media?parent=126678"}],"wp:term":[{"taxonomy":"category","embeddable":true,"href":"https:\/\/www.europesays.com\/pt\/wp-json\/wp\/v2\/categories?post=126678"},{"taxonomy":"post_tag","embeddable":true,"href":"https:\/\/www.europesays.com\/pt\/wp-json\/wp\/v2\/tags?post=126678"}],"curies":[{"name":"wp","href":"https:\/\/api.w.org\/{rel}","templated":true}]}}