{"id":126680,"date":"2025-10-26T05:20:13","date_gmt":"2025-10-26T05:20:13","guid":{"rendered":"https:\/\/www.europesays.com\/pt\/126680\/"},"modified":"2025-10-26T05:20:13","modified_gmt":"2025-10-26T05:20:13","slug":"resultados-do-dia-na-bundesliga","status":"publish","type":"post","link":"https:\/\/www.europesays.com\/pt\/126680\/","title":{"rendered":"resultados do dia na Bundesliga"},"content":{"rendered":"<p>&#8211; Advertisement &#8211;<\/p>\n<p><strong>O Bayern Munique derrotou o Borussia Monchengladbach por 3-0, em jogo da 8.\u00aa jornada da Bundesliga. Raphael Guerreiro apontou um dos golos.<\/strong><\/p>\n<p>O Bayern Munique deslocou-se ao terreno do Borussia Monchengladbach e venceu por 3-0, em jogo da 8\u00aa. jornada da Bundesliga. O triunfo dos b\u00e1varos ficou facilitado pela expuls\u00e3o direta de Jens Castrop, defesa da equipa da casa, ao minuto 19.<\/p>\n<p>Joshua Kimmich abriu o marcador s\u00f3 na segunda parte, com um golo aos 64 minutos. <a href=\"https:\/\/bolanarede.pt\/etiqueta\/raphael-guerreiro\/\" target=\"_blank\" rel=\"noreferrer noopener nofollow\">Raphael Guerreiro<\/a> entrou no in\u00edcio da segunda parte e aumentou a vantagem aos 70\u2019, antes de Kevin Stoger desperdi\u00e7ar uma grande penalidade para o Borussia Monchengladbach aos 75\u2019. Lennart Karl fechou as contas do resultado ao minuto 81\u2032 ao apontar o terceiro golo dos comandados de Vicent Kompany.<\/p>\n<p>Com esta triunfo, o Bayern Munique soma mais tr\u00eas pontos e refor\u00e7a a lideran\u00e7a da Bundesliga, totalizando 24 pontos em oito jogos. Recordar que o Bayern Munique \u00e9 a \u00fanica equipa europeia que, at\u00e9 ao momento, venceu todos os jogos na temporada 2025\/26.<\/p>\n<p>O Borussia Monchengladbach, por outro lado, mant\u00e9m-se na \u00faltima posi\u00e7\u00e3o, com apenas tr\u00eas pontos em oito jornadas.<\/p>\n<p><strong>Eis os resultados do dia da Bundesliga:<\/strong><\/p>\n<ul class=\"wp-block-list\">\n<li>Ausburg 0-6 <strong>Leipzig<\/strong><\/li>\n<li><strong>Frankfurt<\/strong> 2-0 St.Pauli<\/li>\n<li>Hamburgo 0-1<strong> Wolfsburg<\/strong><\/li>\n<li><strong>Hoffenheim <\/strong>3-1 Heidenheim<\/li>\n<li>Borussia Monchengladbach 0-3 <strong>Bayern Munique<\/strong><\/li>\n<li>Dortmund x Koln (17h30)<\/li>\n<\/ul>\n","protected":false},"excerpt":{"rendered":"&#8211; Advertisement &#8211; O Bayern Munique derrotou o Borussia Monchengladbach por 3-0, em jogo da 8.\u00aa jornada da&hellip;\n","protected":false},"author":2,"featured_media":126681,"comment_status":"","ping_status":"","sticky":false,"template":"","format":"standard","meta":{"footnotes":""},"categories":[87],"tags":[260,2438,5839,1848,135,32,33,134],"class_list":{"0":"post-126680","1":"post","2":"type-post","3":"status-publish","4":"format-standard","5":"has-post-thumbnail","7":"category-desporto","8":"tag-atualidade","9":"tag-bayern-munique","10":"tag-borussia-monchengladbach","11":"tag-bundesliga","12":"tag-desporto","13":"tag-portugal","14":"tag-pt","15":"tag-sports"},"share_on_mastodon":{"url":"https:\/\/pubeurope.com\/@pt\/115438789060492151","error":""},"_links":{"self":[{"href":"https:\/\/www.europesays.com\/pt\/wp-json\/wp\/v2\/posts\/126680","targetHints":{"allow":["GET"]}}],"collection":[{"href":"https:\/\/www.europesays.com\/pt\/wp-json\/wp\/v2\/posts"}],"about":[{"href":"https:\/\/www.europesays.com\/pt\/wp-json\/wp\/v2\/types\/post"}],"author":[{"embeddable":true,"href":"https:\/\/www.europesays.com\/pt\/wp-json\/wp\/v2\/users\/2"}],"replies":[{"embeddable":true,"href":"https:\/\/www.europesays.com\/pt\/wp-json\/wp\/v2\/comments?post=126680"}],"version-history":[{"count":0,"href":"https:\/\/www.europesays.com\/pt\/wp-json\/wp\/v2\/posts\/126680\/revisions"}],"wp:featuredmedia":[{"embeddable":true,"href":"https:\/\/www.europesays.com\/pt\/wp-json\/wp\/v2\/media\/126681"}],"wp:attachment":[{"href":"https:\/\/www.europesays.com\/pt\/wp-json\/wp\/v2\/media?parent=126680"}],"wp:term":[{"taxonomy":"category","embeddable":true,"href":"https:\/\/www.europesays.com\/pt\/wp-json\/wp\/v2\/categories?post=126680"},{"taxonomy":"post_tag","embeddable":true,"href":"https:\/\/www.europesays.com\/pt\/wp-json\/wp\/v2\/tags?post=126680"}],"curies":[{"name":"wp","href":"https:\/\/api.w.org\/{rel}","templated":true}]}}