{"id":126709,"date":"2025-10-26T06:56:08","date_gmt":"2025-10-26T06:56:08","guid":{"rendered":"https:\/\/www.europesays.com\/pt\/126709\/"},"modified":"2025-10-26T06:56:08","modified_gmt":"2025-10-26T06:56:08","slug":"televisao-quando-chegar-a-casa-vou-direitinho-ao-vale-dos-lencois-cnn-portugal","status":"publish","type":"post","link":"https:\/\/www.europesays.com\/pt\/126709\/","title":{"rendered":"\u00abTelevis\u00e3o? Quando chegar a casa, vou direitinho ao vale dos len\u00e7\u00f3is\u00bb &#8211; CNN Portugal"},"content":{"rendered":"<ol>\n<li><a href=\"https:\/\/news.google.com\/rss\/articles\/CBMiwgFBVV95cUxPSm1lRVVNZV9MUEdrbHNxTFB3WFhDTjB5TjhmS2F6QUlYS1BDX1oxdUwzbElWUjhyUy1nNHhUaThLa2REVjY3ZF81NmJtQkxwdnZ3Y254cUt4VzNiQkpfblNVX1pNYWVFajZvVjhUVEs2R28zb3REUlRfWGEyYkdEZlVDMlM4OWJDN1Y5eXgwQjNUazNZNlQ0WGdDV1kzaWN1LVg3M3RCcTREbm1tWlFTN0psN0t1SGRibm10U2x2LUN5UQ?oc=5\" target=\"_blank\" rel=\"nofollow noopener\">\u00abTelevis\u00e3o? Quando chegar a casa, vou direitinho ao vale dos len\u00e7\u00f3is\u00bb<\/a>&nbsp;&nbsp;CNN Portugal<\/li>\n<li><a href=\"https:\/\/news.google.com\/rss\/articles\/CBMi-wFBVV95cUxPaVQwMjRnSUY3Nmp1WUFHNldaYVcyQjdGNkQwWmEzN1hrUHZnbjVnN0VneVpBTnl1TXBZZWxOejlBeVZEeF9mRjJWQktLMVZLVTNWR1BqRWF3Yk1OSTlYMjF4OWZ6M1dNN1BkWFM5VnJMQTlHQ1g0TWVNZTVkbmFaLXdNSHE3empjdHBLYVhLSGllYnRGNnFybjltdG5hZ3R3UXlqRVM3Z2o2eGlZU2pUemNDY29wWS1pSVU2cHIzY1Z2VkpaYkV5QXU2dm9OeTNRd01MVHJfcHZhbTFnQ2VhZVNoeUpob1Y3V21OY010aG1BVkQ3ZjhyZzdSVQ?oc=5\" target=\"_blank\" rel=\"nofollow noopener\">&#8220;Este presidente tem quatro anos e as Casas ainda t\u00eam a minha fotografia&#8221;: Vieira voltou no Seixal (e apontou para o Campus como o futuro)<\/a>&nbsp;&nbsp;Observador<\/li>\n<li><a href=\"https:\/\/news.google.com\/rss\/articles\/CBMi1AFBVV95cUxPUHlOR3RIeXVkOGtmME5zY01wVjM2dU1iRWI1ZGpUNzJYR0dtT241M25PZHd0RHpCQ215cm1OLUE3X3Mzd012cGdOYVlPcUhOdkdpbTdodVN5MUQtdDJNX3JNemMzdXoxLW5VbGVjdFpjMlJmRW9qSUZXanJRX0NQSHZ6ZTZxMDM3NEg0MkdleVlKUXRCNEhVSjM0SURaanNHeVhhWW13Q3hRN016Ul9fTUhobUlIaDBYQjBELVBUcEdYNk1NSS1yQm15N2hySk5yaTBqYw?oc=5\" target=\"_blank\" rel=\"nofollow noopener\">Vieira manda farpa \u00e0 candidatura de Noronha Lopes: \u00abEst\u00e3o a deitar foguetes antes da festa?<\/a>&nbsp;&nbsp;A Bola<\/li>\n<li><a href=\"https:\/\/news.google.com\/rss\/articles\/CBMivgFBVV95cUxNMlZyN3ZlTzYtYlc0WmV6MVpXYzdzRWJDQ0NObDBxQjZZblB6cUxOekZ6NGg2WHRnR3o3c3lSR0xCd1B1RTBMNmhrbVpvVDhLd0dvd3ZyRkkxSEU4MEhYNl9QUVVCTjJwQTY1cklNQkJxTzBDYWtnN3BGSTg3OU1GZlF2RnpZOW1mWjk1dXd4MGFxUGtLMVNhNlZrc1YzVk1Bajg2cHpzM2U0dDV1azluR0NnZ2xSUkhyRXlMZVBR?oc=5\" target=\"_blank\" rel=\"nofollow noopener\">\u00abO que se passou na Asembleia-Geral n\u00e3o pode voltar a acontecer\u00bb<\/a>&nbsp;&nbsp;CNN Portugal<\/li>\n<li><a href=\"https:\/\/news.google.com\/rss\/articles\/CBMitAFBVV95cUxNRGhhaFkwcmc5blZVc0ZneEMxRTJHbU1fLXZyTEk1Z2Rxbi13cTdWVkdxNVZ2MzMtaTNzTDRuT2FJclNXMEN3YnpXRFFwbGxlZXZzYm43UmwwN2liRXB3bjRsZFUtSkdUYlRXOVBSQmpJWU9iME41M2UySWdEREZJTjJkWlZhTVlXdG80UGVlWmNkN3Q0dE92MEpSTHpVeF9pa3gzSm9KQjRZVTlaVkROUHlSSUs?oc=5\" target=\"_blank\" rel=\"nofollow noopener\">Elei\u00e7\u00f5es do Benfica. Lu\u00eds Filipe Vieira ao DN: \u201cPassivo da SAD aumentou 100 milh\u00f5es desde 2021\u201d<\/a>&nbsp;&nbsp;Di\u00e1rio de Not\u00edcias<\/li>\n<\/ol>\n","protected":false},"excerpt":{"rendered":"\u00abTelevis\u00e3o? Quando chegar a casa, vou direitinho ao vale dos len\u00e7\u00f3is\u00bb&nbsp;&nbsp;CNN Portugal &#8220;Este presidente tem quatro anos e&hellip;\n","protected":false},"author":2,"featured_media":126710,"comment_status":"","ping_status":"","sticky":false,"template":"","format":"standard","meta":{"footnotes":""},"categories":[142],"tags":[609,836,611,51,27,607,608,333,832,604,135,610,476,114,115,524,301,830,603,570,5049,831,833,62,834,13,835,602,52,32,33,151,29],"class_list":{"0":"post-126709","1":"post","2":"type-post","3":"status-publish","4":"format-standard","5":"has-post-thumbnail","7":"category-tv","8":"tag-alerta","9":"tag-analise","10":"tag-ao-minuto","11":"tag-benfica","12":"tag-breaking-news","13":"tag-cnn","14":"tag-cnn-portugal","15":"tag-comentadores","16":"tag-costa","17":"tag-crime","18":"tag-desporto","19":"tag-direto","20":"tag-economia","21":"tag-entertainment","22":"tag-entretenimento","23":"tag-futebol","24":"tag-governo","25":"tag-guerra","26":"tag-justica","27":"tag-live","28":"tag-luis-filipe-vieira","29":"tag-mais-vistas","30":"tag-marcelo","31":"tag-mundo","32":"tag-negocios","33":"tag-noticias","34":"tag-opiniao","35":"tag-pais","36":"tag-politica","37":"tag-portugal","38":"tag-pt","39":"tag-tv","40":"tag-ultimas"},"share_on_mastodon":{"url":"https:\/\/pubeurope.com\/@pt\/115439165950342959","error":""},"_links":{"self":[{"href":"https:\/\/www.europesays.com\/pt\/wp-json\/wp\/v2\/posts\/126709","targetHints":{"allow":["GET"]}}],"collection":[{"href":"https:\/\/www.europesays.com\/pt\/wp-json\/wp\/v2\/posts"}],"about":[{"href":"https:\/\/www.europesays.com\/pt\/wp-json\/wp\/v2\/types\/post"}],"author":[{"embeddable":true,"href":"https:\/\/www.europesays.com\/pt\/wp-json\/wp\/v2\/users\/2"}],"replies":[{"embeddable":true,"href":"https:\/\/www.europesays.com\/pt\/wp-json\/wp\/v2\/comments?post=126709"}],"version-history":[{"count":0,"href":"https:\/\/www.europesays.com\/pt\/wp-json\/wp\/v2\/posts\/126709\/revisions"}],"wp:featuredmedia":[{"embeddable":true,"href":"https:\/\/www.europesays.com\/pt\/wp-json\/wp\/v2\/media\/126710"}],"wp:attachment":[{"href":"https:\/\/www.europesays.com\/pt\/wp-json\/wp\/v2\/media?parent=126709"}],"wp:term":[{"taxonomy":"category","embeddable":true,"href":"https:\/\/www.europesays.com\/pt\/wp-json\/wp\/v2\/categories?post=126709"},{"taxonomy":"post_tag","embeddable":true,"href":"https:\/\/www.europesays.com\/pt\/wp-json\/wp\/v2\/tags?post=126709"}],"curies":[{"name":"wp","href":"https:\/\/api.w.org\/{rel}","templated":true}]}}