{"id":126711,"date":"2025-10-26T06:59:07","date_gmt":"2025-10-26T06:59:07","guid":{"rendered":"https:\/\/www.europesays.com\/pt\/126711\/"},"modified":"2025-10-26T06:59:07","modified_gmt":"2025-10-26T06:59:07","slug":"prestianni-quero-agradecer-ao-benfica-por-me-ter-deixado-ir-ao-mundial","status":"publish","type":"post","link":"https:\/\/www.europesays.com\/pt\/126711\/","title":{"rendered":"Prestianni: \u00abQuero agradecer ao Benfica por me ter deixado ir ao Mundial\u00bb"},"content":{"rendered":"<p data-end=\"100\" data-start=\"0\"><strong data-end=\"98\" data-start=\"0\">Prestianni, em declara\u00e7\u00f5es \u00e0 flash interview da BTV, ap\u00f3s a vit\u00f3ria do Benfica frente ao Arouca por 5-0, na nona jornada da Liga:<\/strong><\/p>\n<p>  <strong>Titularidade<\/strong> <\/p>\n<p data-end=\"442\" data-start=\"125\">\u00abEstamos muito contentes, muito felizes pela vit\u00f3ria. A equipa precisava desta vit\u00f3ria para voltar a ganhar confian\u00e7a. Estou muito feliz por poder regressar da sele\u00e7\u00e3o e somar minutos. Quero tamb\u00e9m agradecer ao Benfica por me ter deixado ir. Agora estou muito focado aqui no Benfica, para ganhar tudo o que vem a\u00ed.\u00bb<\/p>\n<p>  <strong>Regresso do Mundial sub-20<\/strong> <\/p>\n<p data-end=\"717\" data-start=\"470\">\u00abO Mundial correu muito bem. Como j\u00e1 disse, quer\u00edamos ganhar o Mundial, mas n\u00e3o foi poss\u00edvel. Agora estou aqui no Benfica e muito concentrado em tudo o que vem a seguir. Mais uma vez, quero agradecer ao Benfica por me ter deixado ir ao Mundial. Sinto-me com muito mais confian\u00e7a, muito mais confian\u00e7a a n\u00edvel individual. Quero aproveitar ao m\u00e1ximo os minutos que tiver.\u00bb<\/p>\n","protected":false},"excerpt":{"rendered":"Prestianni, em declara\u00e7\u00f5es \u00e0 flash interview da BTV, ap\u00f3s a vit\u00f3ria do Benfica frente ao Arouca por 5-0,&hellip;\n","protected":false},"author":2,"featured_media":126712,"comment_status":"","ping_status":"","sticky":false,"template":"","format":"standard","meta":{"footnotes":""},"categories":[87],"tags":[3249,51,135,36,46,32,24245,33,47,134],"class_list":{"0":"post-126711","1":"post","2":"type-post","3":"status-publish","4":"format-standard","5":"has-post-thumbnail","7":"category-desporto","8":"tag-arouca","9":"tag-benfica","10":"tag-desporto","11":"tag-liga","12":"tag-maisfutebol","13":"tag-portugal","14":"tag-prestianni","15":"tag-pt","16":"tag-pura-paixao","17":"tag-sports"},"share_on_mastodon":{"url":"https:\/\/pubeurope.com\/@pt\/115439177754382446","error":""},"_links":{"self":[{"href":"https:\/\/www.europesays.com\/pt\/wp-json\/wp\/v2\/posts\/126711","targetHints":{"allow":["GET"]}}],"collection":[{"href":"https:\/\/www.europesays.com\/pt\/wp-json\/wp\/v2\/posts"}],"about":[{"href":"https:\/\/www.europesays.com\/pt\/wp-json\/wp\/v2\/types\/post"}],"author":[{"embeddable":true,"href":"https:\/\/www.europesays.com\/pt\/wp-json\/wp\/v2\/users\/2"}],"replies":[{"embeddable":true,"href":"https:\/\/www.europesays.com\/pt\/wp-json\/wp\/v2\/comments?post=126711"}],"version-history":[{"count":0,"href":"https:\/\/www.europesays.com\/pt\/wp-json\/wp\/v2\/posts\/126711\/revisions"}],"wp:featuredmedia":[{"embeddable":true,"href":"https:\/\/www.europesays.com\/pt\/wp-json\/wp\/v2\/media\/126712"}],"wp:attachment":[{"href":"https:\/\/www.europesays.com\/pt\/wp-json\/wp\/v2\/media?parent=126711"}],"wp:term":[{"taxonomy":"category","embeddable":true,"href":"https:\/\/www.europesays.com\/pt\/wp-json\/wp\/v2\/categories?post=126711"},{"taxonomy":"post_tag","embeddable":true,"href":"https:\/\/www.europesays.com\/pt\/wp-json\/wp\/v2\/tags?post=126711"}],"curies":[{"name":"wp","href":"https:\/\/api.w.org\/{rel}","templated":true}]}}