{"id":126725,"date":"2025-10-26T07:24:52","date_gmt":"2025-10-26T07:24:52","guid":{"rendered":"https:\/\/www.europesays.com\/pt\/126725\/"},"modified":"2025-10-26T07:24:52","modified_gmt":"2025-10-26T07:24:52","slug":"vem-ai-em-terra-forte-rosa-maria-nao-queria-adotar-maria-de-fatima-novelas","status":"publish","type":"post","link":"https:\/\/www.europesays.com\/pt\/126725\/","title":{"rendered":"Vem a\u00ed em \u00abTerra Forte\u00bb: Rosa Maria n\u00e3o queria adotar Maria de F\u00e1tima &#8211; Novelas"},"content":{"rendered":"<p>Em \u00abTerra Forte\u00bb,\u00a0Dudu (Tom\u00e1s Taborda) pergunta apreensivo a Rosa Maria (Cust\u00f3dia Gallego) se vai continuar a gostar dele, agora que descobriu que tem netas de verdade. Rosa Maria vinca que sim. Rosa Maria nega pensativa a Dudu estar arrependida de ter adotado <a href=\"https:\/\/tvi.iol.pt\/novelas\/videos\/terra-forte-maria-de-fatima-e-humilhada-por-ativistas-em-pleno-evento\/68f61d310cf29d28d8297588\" rel=\"nofollow noopener\" target=\"_blank\">Maria de F\u00e1tima (Rita Pereira)<\/a>.<\/p>\n<p>FLASHBACK IN\u00c9DITO (2007): Rosa Maria discute com<a href=\"https:\/\/tvi.iol.pt\/novelas\/videos\/terra-forte-manuel-tira-toda-a-fortuna-alvaro\/68f61d3d0cf285ab53a6aafc\" rel=\"nofollow noopener\" target=\"_blank\"> Manuel (Ant\u00f3nio Capelo) <\/a>sem concordar com a ideia de adotarem Maria de F\u00e1tima quando Flor ainda morreu h\u00e1 t\u00e3o pouco tempo. Manuel argumenta terem de pensar na sua sucess\u00e3o. Rosa Maria acaba a culpar Manuel pelo infort\u00fanio da filha por achar que ela acabou tudo com Sammy para o proteger de ele o tentar matar tal como fez ao irm\u00e3o dele.<\/p>\n<p>Dudu pensa em tudo o que Rosa Maria lhe contou sobre Maria de F\u00e1tima afinal ser filha de uma empregada dos Terra Forte. Olha para o telefone.\u00a0<\/p>\n<p>De recordar que Maria de F\u00e1tima teve um caso com Manuel:<\/p>\n","protected":false},"excerpt":{"rendered":"Em \u00abTerra Forte\u00bb,\u00a0Dudu (Tom\u00e1s Taborda) pergunta apreensivo a Rosa Maria (Cust\u00f3dia Gallego) se vai continuar a gostar dele,&hellip;\n","protected":false},"author":2,"featured_media":126726,"comment_status":"","ping_status":"","sticky":false,"template":"","format":"standard","meta":{"footnotes":""},"categories":[142],"tags":[160,166,18259,7094,114,115,157,167,164,8598,161,158,165,159,32,33,156,5871,27871,18614,163,27916,151,162],"class_list":{"0":"post-126725","1":"post","2":"type-post","3":"status-publish","4":"format-standard","5":"has-post-thumbnail","7":"category-tv","8":"tag-ana-guiomar","9":"tag-cristina-ferreira","10":"tag-custodia-gallego","11":"tag-dudu","12":"tag-entertainment","13":"tag-entretenimento","14":"tag-festa-e-festa","15":"tag-ficcao","16":"tag-jose-fidalgo","17":"tag-maria-de-fatima","18":"tag-novelas","19":"tag-para-sempre","20":"tag-pedro-sousa","21":"tag-pedro-teixeira","22":"tag-portugal","23":"tag-pt","24":"tag-queridos-papas","25":"tag-rita-pereira","26":"tag-rosa-maria","27":"tag-terra-forte","28":"tag-tiago-teotonio-pereira","29":"tag-tomas-taborda","30":"tag-tv","31":"tag-tvi"},"share_on_mastodon":{"url":"https:\/\/pubeurope.com\/@pt\/115439279972054986","error":""},"_links":{"self":[{"href":"https:\/\/www.europesays.com\/pt\/wp-json\/wp\/v2\/posts\/126725","targetHints":{"allow":["GET"]}}],"collection":[{"href":"https:\/\/www.europesays.com\/pt\/wp-json\/wp\/v2\/posts"}],"about":[{"href":"https:\/\/www.europesays.com\/pt\/wp-json\/wp\/v2\/types\/post"}],"author":[{"embeddable":true,"href":"https:\/\/www.europesays.com\/pt\/wp-json\/wp\/v2\/users\/2"}],"replies":[{"embeddable":true,"href":"https:\/\/www.europesays.com\/pt\/wp-json\/wp\/v2\/comments?post=126725"}],"version-history":[{"count":0,"href":"https:\/\/www.europesays.com\/pt\/wp-json\/wp\/v2\/posts\/126725\/revisions"}],"wp:featuredmedia":[{"embeddable":true,"href":"https:\/\/www.europesays.com\/pt\/wp-json\/wp\/v2\/media\/126726"}],"wp:attachment":[{"href":"https:\/\/www.europesays.com\/pt\/wp-json\/wp\/v2\/media?parent=126725"}],"wp:term":[{"taxonomy":"category","embeddable":true,"href":"https:\/\/www.europesays.com\/pt\/wp-json\/wp\/v2\/categories?post=126725"},{"taxonomy":"post_tag","embeddable":true,"href":"https:\/\/www.europesays.com\/pt\/wp-json\/wp\/v2\/tags?post=126725"}],"curies":[{"name":"wp","href":"https:\/\/api.w.org\/{rel}","templated":true}]}}