{"id":126727,"date":"2025-10-26T07:27:04","date_gmt":"2025-10-26T07:27:04","guid":{"rendered":"https:\/\/www.europesays.com\/pt\/126727\/"},"modified":"2025-10-26T07:27:04","modified_gmt":"2025-10-26T07:27:04","slug":"rui-costa-e-o-noronha-lopes-estao-muito-bem-posicionados-para-a-segunda-volta","status":"publish","type":"post","link":"https:\/\/www.europesays.com\/pt\/126727\/","title":{"rendered":"\u00abRui Costa e o Noronha Lopes est\u00e3o muito bem posicionados para a segunda volta\u00bb"},"content":{"rendered":"<p data-end=\"673\" data-start=\"369\">Lu\u00eds Filipe Vieira, candidato \u00e0 presid\u00eancia do Sport Lisboa e Benfica, afirmou na madrugada deste domingo, na presen\u00e7a dos jornalistas na sua sede de campanha, que o resultado das elei\u00e7\u00f5es ainda est\u00e1 \u00abem aberto\u00bb, mas garante que Noronha Lopes n\u00e3o vai vencer a primeira volta.<\/p>\n<p data-end=\"673\" data-start=\"369\">\u00abEu acho que Noronha Lopes n\u00e3o vai ficar em primeiro lugar nesta primeira volta. Quando chegar aos 50 votos, acho que o Rui [Costa] vai dominar. N\u00f3s vamos dividir votos, o Noronha Lopes n\u00e3o vai acompanhar os 50 votos. Segunda volta? N\u00e3o se chateiem com isso, n\u00e3o sabemos o que vai ser. Fui a \u00faltima pessoa que me candidatei, se eu tivesse entrado na corrida tr\u00eas meses antes&#8230;\u00bb, disse o antigo presidente.\u00a0<\/p>\n<p data-end=\"1074\" data-start=\"675\">Vieira, que j\u00e1 liderou o clube entre 2003 e 2021, garantiu que, apesar da contagem dos votos j\u00e1 estar em curso, ainda h\u00e1 muito a decidir, mas acredita que Rui Costa e Noronha Lopes t\u00eam uma \u00abvantagem inicial\u00bb<\/p>\n<p data-end=\"1074\" data-start=\"675\">\u00ab1547 votantes, de 85 mil? Nem amanh\u00e3 \u00e0s 10h da manh\u00e3. Neste momento, o que est\u00e1 a contar s\u00e3o os tr\u00eas votos, mas ainda n\u00e3o h\u00e1 nada definido\u00bb, referiu.<\/p>\n<p data-end=\"1884\" data-start=\"1602\">\u00ab\u00c9 sintom\u00e1tico que todos os benfiquistas, de certeza, foram votar maci\u00e7amente, mesmo para escolher quem ser\u00e1 o futuro presidente do Benfica. Apesar de que vai haver segunda volta, de certeza. Hoje n\u00e3o vai ser eleito ningu\u00e9m, com toda a certeza. Quem vai ser? De certeza que o Rui [Costa] e o Noronha Lopes, neste momento, est\u00e3o muito bem posicionados para a segunda volta. Depois, na segunda volta, logo se ver\u00e1 o que acontece\u00bb.<\/p>\n<p data-end=\"2166\" data-start=\"2066\">Outro ponto abordado por Vieira foi novamente a quest\u00e3o do voto eletr\u00f3nico, que considera fundamental para aumentar a participa\u00e7\u00e3o dos benfiquistas nas futuras elei\u00e7\u00f5es.<\/p>\n<p data-end=\"2166\" data-start=\"2066\">\u00abO Benfica tem de adotar o voto eletr\u00f3nico. De certeza que muito mais gente teria votado se tivesse essa op\u00e7\u00e3o\u00bb, afirmou, reconhecendo que a atual elei\u00e7\u00e3o tem sido uma verdadeira \u00abli\u00e7\u00e3o\u00bb para o clube.<\/p>\n<p data-end=\"2407\" data-start=\"2360\">Apesar da confian\u00e7a de que o processo eleitoral dever\u00e1 chegar a um fim com uma nova lideran\u00e7a, o ex-presidente do Benfica n\u00e3o escondeu que o maior desafio do pr\u00f3ximo l\u00edder ser\u00e1 a pacifica\u00e7\u00e3o interna do clube.<\/p>\n<p data-end=\"2407\" data-start=\"2360\">\u00abQuem ganhar vai ter um grande problema pela frente: a responsabilidade. N\u00e3o vai ser f\u00e1cil pacificar o Benfica\u00bb, disse, referindo-se \u00e0 divis\u00e3o que se tem intensificado no clube nas \u00faltimas temporadas.<\/p>\n<p data-end=\"3144\" data-start=\"2820\">No final da conversa, Lu\u00eds Filipe Vieira mostrou-se tranquilo em rela\u00e7\u00e3o ao que est\u00e1 por vir.<\/p>\n<p data-end=\"3144\" data-start=\"2820\">\u00abVou dormir tranquilo, com a consci\u00eancia de que fiz tudo o que podia. A minha fam\u00edlia est\u00e1 feliz, os meus filhos tamb\u00e9m. Tenho muito a fazer, independentemente do que acontecer\u00bb, concluiu.<\/p>\n<p data-end=\"3893\" data-start=\"3623\">A contagem dos votos ainda est\u00e1 em andamento, \u00e0s 1h30 da madrugada deste domingo estavam apenas apuradas nove sec\u00e7\u00f5es de 108.<\/p>\n","protected":false},"excerpt":{"rendered":"Lu\u00eds Filipe Vieira, candidato \u00e0 presid\u00eancia do Sport Lisboa e Benfica, afirmou na madrugada deste domingo, na presen\u00e7a&hellip;\n","protected":false},"author":2,"featured_media":126728,"comment_status":"","ping_status":"","sticky":false,"template":"","format":"standard","meta":{"footnotes":""},"categories":[87],"tags":[51,135,2258,11568,5049,46,32,33,47,134],"class_list":{"0":"post-126727","1":"post","2":"type-post","3":"status-publish","4":"format-standard","5":"has-post-thumbnail","7":"category-desporto","8":"tag-benfica","9":"tag-desporto","10":"tag-eleicoes","11":"tag-eleicoes-benfica","12":"tag-luis-filipe-vieira","13":"tag-maisfutebol","14":"tag-portugal","15":"tag-pt","16":"tag-pura-paixao","17":"tag-sports"},"share_on_mastodon":{"url":"https:\/\/pubeurope.com\/@pt\/115439287828541228","error":""},"_links":{"self":[{"href":"https:\/\/www.europesays.com\/pt\/wp-json\/wp\/v2\/posts\/126727","targetHints":{"allow":["GET"]}}],"collection":[{"href":"https:\/\/www.europesays.com\/pt\/wp-json\/wp\/v2\/posts"}],"about":[{"href":"https:\/\/www.europesays.com\/pt\/wp-json\/wp\/v2\/types\/post"}],"author":[{"embeddable":true,"href":"https:\/\/www.europesays.com\/pt\/wp-json\/wp\/v2\/users\/2"}],"replies":[{"embeddable":true,"href":"https:\/\/www.europesays.com\/pt\/wp-json\/wp\/v2\/comments?post=126727"}],"version-history":[{"count":0,"href":"https:\/\/www.europesays.com\/pt\/wp-json\/wp\/v2\/posts\/126727\/revisions"}],"wp:featuredmedia":[{"embeddable":true,"href":"https:\/\/www.europesays.com\/pt\/wp-json\/wp\/v2\/media\/126728"}],"wp:attachment":[{"href":"https:\/\/www.europesays.com\/pt\/wp-json\/wp\/v2\/media?parent=126727"}],"wp:term":[{"taxonomy":"category","embeddable":true,"href":"https:\/\/www.europesays.com\/pt\/wp-json\/wp\/v2\/categories?post=126727"},{"taxonomy":"post_tag","embeddable":true,"href":"https:\/\/www.europesays.com\/pt\/wp-json\/wp\/v2\/tags?post=126727"}],"curies":[{"name":"wp","href":"https:\/\/api.w.org\/{rel}","templated":true}]}}