{"id":126733,"date":"2025-10-26T07:42:11","date_gmt":"2025-10-26T07:42:11","guid":{"rendered":"https:\/\/www.europesays.com\/pt\/126733\/"},"modified":"2025-10-26T07:42:11","modified_gmt":"2025-10-26T07:42:11","slug":"a-protegida-oscar-esta-em-liberdade-novelas","status":"publish","type":"post","link":"https:\/\/www.europesays.com\/pt\/126733\/","title":{"rendered":"A Protegida: \u00d3scar est\u00e1 em liberdade &#8211; Novelas"},"content":{"rendered":"<p>Em \u00abA Protegida\u00bb, Jorge (Paulo Pires) estaciona o carro sem muita vontade de ir a mais um evento, onde tem de acenar e fingir que est\u00e1 tudo maravilhoso. \u00d3scar (Joaquim Horta) aparece e Jorge fica surpreso por ele estar ali. \u00d3scar diz que se fez justi\u00e7a e o libertaram. Jorge n\u00e3o acha que isso seja justi\u00e7a, pois considera-o um criminoso e tem de voltar para a pris\u00e3o.\u00a0\u00a0<\/p>\n","protected":false},"excerpt":{"rendered":"Em \u00abA Protegida\u00bb, Jorge (Paulo Pires) estaciona o carro sem muita vontade de ir a mais um evento,&hellip;\n","protected":false},"author":2,"featured_media":126734,"comment_status":"","ping_status":"","sticky":false,"template":"","format":"standard","meta":{"footnotes":""},"categories":[142],"tags":[168,160,166,114,115,157,167,164,2931,161,158,165,159,32,33,156,163,151,162],"class_list":{"0":"post-126733","1":"post","2":"type-post","3":"status-publish","4":"format-standard","5":"has-post-thumbnail","7":"category-tv","8":"tag-a-protegida","9":"tag-ana-guiomar","10":"tag-cristina-ferreira","11":"tag-entertainment","12":"tag-entretenimento","13":"tag-festa-e-festa","14":"tag-ficcao","15":"tag-jose-fidalgo","16":"tag-novela","17":"tag-novelas","18":"tag-para-sempre","19":"tag-pedro-sousa","20":"tag-pedro-teixeira","21":"tag-portugal","22":"tag-pt","23":"tag-queridos-papas","24":"tag-tiago-teotonio-pereira","25":"tag-tv","26":"tag-tvi"},"share_on_mastodon":{"url":"https:\/\/pubeurope.com\/@pt\/115439346839611691","error":""},"_links":{"self":[{"href":"https:\/\/www.europesays.com\/pt\/wp-json\/wp\/v2\/posts\/126733","targetHints":{"allow":["GET"]}}],"collection":[{"href":"https:\/\/www.europesays.com\/pt\/wp-json\/wp\/v2\/posts"}],"about":[{"href":"https:\/\/www.europesays.com\/pt\/wp-json\/wp\/v2\/types\/post"}],"author":[{"embeddable":true,"href":"https:\/\/www.europesays.com\/pt\/wp-json\/wp\/v2\/users\/2"}],"replies":[{"embeddable":true,"href":"https:\/\/www.europesays.com\/pt\/wp-json\/wp\/v2\/comments?post=126733"}],"version-history":[{"count":0,"href":"https:\/\/www.europesays.com\/pt\/wp-json\/wp\/v2\/posts\/126733\/revisions"}],"wp:featuredmedia":[{"embeddable":true,"href":"https:\/\/www.europesays.com\/pt\/wp-json\/wp\/v2\/media\/126734"}],"wp:attachment":[{"href":"https:\/\/www.europesays.com\/pt\/wp-json\/wp\/v2\/media?parent=126733"}],"wp:term":[{"taxonomy":"category","embeddable":true,"href":"https:\/\/www.europesays.com\/pt\/wp-json\/wp\/v2\/categories?post=126733"},{"taxonomy":"post_tag","embeddable":true,"href":"https:\/\/www.europesays.com\/pt\/wp-json\/wp\/v2\/tags?post=126733"}],"curies":[{"name":"wp","href":"https:\/\/api.w.org\/{rel}","templated":true}]}}