{"id":126744,"date":"2025-10-26T07:53:07","date_gmt":"2025-10-26T07:53:07","guid":{"rendered":"https:\/\/www.europesays.com\/pt\/126744\/"},"modified":"2025-10-26T07:53:07","modified_gmt":"2025-10-26T07:53:07","slug":"virginia-ganha-flores-e-bolsa-de-r-25-mil-apos-briga-com-vini-jr-eu-amei","status":"publish","type":"post","link":"https:\/\/www.europesays.com\/pt\/126744\/","title":{"rendered":"Virginia ganha flores e bolsa de R$ 25 mil ap\u00f3s briga com Vini Jr.: &#8216;Eu amei&#8217;"},"content":{"rendered":"\n<p>A influenciadora Virginia Fonseca, de 26 anos, acabou de chegar a Madri, na Espanha, e j\u00e1 recebeu alguns mimos de seu interesse rom\u00e2ntico, o jogador de futebol Vin\u00edcius J\u00fanior, de 25. Em seu perfil no Instagram, ela compartilhou que ganhou um buqu\u00ea de flores e uma bolsa da Prada com valor estimado em R$ 25 mil.<\/p>\n<p>Em uma das imagens publicadas, Virginia mostrou uma cama grande com os dois presentes. No topo da foto, aparecem os hor\u00e1rios de dois pa\u00edses \u2014 14h48 (Espanha) e 9h48 (Brasil) \u2014 acompanhados das bandeiras correspondentes. Na parte inferior, h\u00e1 um emoji de cora\u00e7\u00e3o vermelho, simbolizando carinho ou amor.<\/p>\n<p>Na sequ\u00eancia, a influenciadora aparece em p\u00e9, sorrindo, vestindo uma blusa branca de manga longa com estampa frontal e segurando uma bolsa branca pequena, aparentemente o presente mostrado anteriormente. Seu cabelo est\u00e1 solto e ondulado, e o ambiente segue iluminado e decorado com flores e malas ao fundo.<\/p>\n<p>\u201cAAAA EU AMEI KKK BEEEM PATYYYZINHA \ud83e\udd70\ud83d\ude02\u201d, escreveu ela, em letras garrafais sobre o presente.<\/p>\n<p>Virginia Fonseca, de 26 anos, chegou a Madri, na Espanha, na sexta-feira, 24. A influenciadora foi se reencontrar com o jogador de futebol Vini Jr. e, quem sabe, selar a paz na rela\u00e7\u00e3o ap\u00f3s uma breve turbul\u00eancia envolvendo mensagens picantes com a brasileira Day Magalh\u00e3es, tamb\u00e9m de 26.<\/p>\n<p>Al\u00e9m de conversar pessoalmente com Vini Jr. sobre o relacionamento, de acordo com o Extra, Virginia deve acompanhar a partida entre Real Madrid e Barcelona, da La Liga. Caso compare\u00e7a, ser\u00e1 a segunda vez que ela estar\u00e1 no Est\u00e1dio Santiago Bernab\u00e9u, onde j\u00e1 chegou a vestir a camisa do jogador de futebol.<\/p>\n<p>Para o reencontro com o atleta, Virginia Fonseca renovou o visual no in\u00edcio da semana \u2014 o processo levou quase 24 horas no sal\u00e3o. Para isso, ela precisou adiantar todos os compromissos que tinha no SBT, liberando a agenda da semana para atualizar o tom de loiro de suas madeixas.<\/p>\n<p>Na segunda-feira, 20, por exemplo, ela passou o dia na emissora gravando dois epis\u00f3dios do Sabadou. Nesta ter\u00e7a-feira, 21, deve comparecer ao ensaio da Grande Rio, em Duque de Caxias (RJ). J\u00e1 na quarta-feira, 22, recebeu amigos e familiares para comemorar os tr\u00eas anos de Maria Flor, em Goi\u00e2nia (GO), no galp\u00e3o VF, empreendimento rec\u00e9m-inaugurado com a festa de anivers\u00e1rio do filho ca\u00e7ula, Jos\u00e9 Leonardo.<\/p>\n<p>Na quinta-feira, 23, a noite Virginia embarcou para a Espanha, onde j\u00e1 est\u00e1 sendo bem mimada pelo visto.<\/p>\n","protected":false},"excerpt":{"rendered":"A influenciadora Virginia Fonseca, de 26 anos, acabou de chegar a Madri, na Espanha, e j\u00e1 recebeu alguns&hellip;\n","protected":false},"author":2,"featured_media":126745,"comment_status":"","ping_status":"","sticky":false,"template":"","format":"standard","meta":{"footnotes":""},"categories":[145],"tags":[1235,8715,10756,211,210,1618,29018,114,115,640,29019,11626,2554,1015,26253,32,19819,33,29017,2007,1978,936,3126,15529,1446,6659],"class_list":{"0":"post-126744","1":"post","2":"type-post","3":"status-publish","4":"format-standard","5":"has-post-thumbnail","7":"category-celebridades","8":"tag-barcelona","9":"tag-buque","10":"tag-cama","11":"tag-celebridades","12":"tag-celebrities","13":"tag-coracao","14":"tag-day-magalhaes","15":"tag-entertainment","16":"tag-entretenimento","17":"tag-espanha","18":"tag-estadio-santiago-bernabeu","19":"tag-flores","20":"tag-goiania","21":"tag-instagram","22":"tag-madri","23":"tag-portugal","24":"tag-prada","25":"tag-pt","26":"tag-r-25-mil","27":"tag-real-madrid","28":"tag-relacionamento","29":"tag-sbt","30":"tag-vini-jr","31":"tag-vinicius-junior","32":"tag-virginia-fonseca","33":"tag-visual"},"share_on_mastodon":{"url":"https:\/\/pubeurope.com\/@pt\/115439390153974950","error":""},"_links":{"self":[{"href":"https:\/\/www.europesays.com\/pt\/wp-json\/wp\/v2\/posts\/126744","targetHints":{"allow":["GET"]}}],"collection":[{"href":"https:\/\/www.europesays.com\/pt\/wp-json\/wp\/v2\/posts"}],"about":[{"href":"https:\/\/www.europesays.com\/pt\/wp-json\/wp\/v2\/types\/post"}],"author":[{"embeddable":true,"href":"https:\/\/www.europesays.com\/pt\/wp-json\/wp\/v2\/users\/2"}],"replies":[{"embeddable":true,"href":"https:\/\/www.europesays.com\/pt\/wp-json\/wp\/v2\/comments?post=126744"}],"version-history":[{"count":0,"href":"https:\/\/www.europesays.com\/pt\/wp-json\/wp\/v2\/posts\/126744\/revisions"}],"wp:featuredmedia":[{"embeddable":true,"href":"https:\/\/www.europesays.com\/pt\/wp-json\/wp\/v2\/media\/126745"}],"wp:attachment":[{"href":"https:\/\/www.europesays.com\/pt\/wp-json\/wp\/v2\/media?parent=126744"}],"wp:term":[{"taxonomy":"category","embeddable":true,"href":"https:\/\/www.europesays.com\/pt\/wp-json\/wp\/v2\/categories?post=126744"},{"taxonomy":"post_tag","embeddable":true,"href":"https:\/\/www.europesays.com\/pt\/wp-json\/wp\/v2\/tags?post=126744"}],"curies":[{"name":"wp","href":"https:\/\/api.w.org\/{rel}","templated":true}]}}