{"id":126766,"date":"2025-10-26T08:20:11","date_gmt":"2025-10-26T08:20:11","guid":{"rendered":"https:\/\/www.europesays.com\/pt\/126766\/"},"modified":"2025-10-26T08:20:11","modified_gmt":"2025-10-26T08:20:11","slug":"ivan-lima-diz-que-e-o-segundo-melhor-jogador-do-bairro-da-jamaica-o-primeiro-e-o-leao-maisfutebol","status":"publish","type":"post","link":"https:\/\/www.europesays.com\/pt\/126766\/","title":{"rendered":"\u00abIvan Lima diz que \u00e9 o segundo melhor jogador do Bairro da Jamaica, o primeiro \u00e9 o Le\u00e3o\u00bb &#8211; Maisfutebol"},"content":{"rendered":"<ol>\n<li><a href=\"https:\/\/news.google.com\/rss\/articles\/CBMi3AFBVV95cUxQLVk3VFk4NzY5cmltMmRwTnk0endCU0NvTkNSS0oxNlRlNkZYRHZSaTVvR3JrSmNiRGNLXzBSb19YWi1EZ2N4bkJTT3pvYm5lZjZYVFFvT3hDS1FJVkN5MEJRZFFhNm9EQ1hhaGYwQ2ZYdkFSQnRIMkFhZEF2dGd0MTdNeUlkYlBSZmUxRWJQTzF3M2YwYmhtODA4TVI0UDlVMEZ0MWJ2QTRwT0M3N1pIYkpWRF9KbHBDeGtHVm5FVlJDZHZSNDhFZnpldDd5cjhNVXFUOWluaTNUVjJu?oc=5\" target=\"_blank\" rel=\"nofollow noopener\">\u00abIvan Lima diz que \u00e9 o segundo melhor jogador do Bairro da Jamaica, o primeiro \u00e9 o Le\u00e3o\u00bb<\/a>&nbsp;&nbsp;Maisfutebol<\/li>\n<li><a href=\"https:\/\/news.google.com\/rss\/articles\/CBMirAFBVV95cUxOcGJlX0FjUVlURDNVS3VwazVHY3ZFcjZoRnk2cndxS25ucFBXZG9QSURrdDB6WDJ4bWxfYXFoX3ZJTVYxSnFKM0ttMERsaVNuVHVpdFVobVlmcEJWZFdVeklSbWpZU3NGLVlhd3VqR1k0MUFhTHMweS1rSm5wWGJTZ2t5TWVRNEEyRldNSFRqekpqRmVIT05JbGRoVG5kZHJmcktYV0lHeU5JQXVX0gGyAUFVX3lxTE5tVERNR2JXeGd2QkRrdTNKd3lHQkt4RElrdkM0R2VkN0Z0TkZwSThBaGpsYnBvMy1BcFk4cVViS01nU2UwTk1qazd2WmRxNlFGc1loN0d1cjFwV3E2YVFvMWtySnpWeXBNNDNKcmp1NTd1YVllOVFSUUtOVWZVekkydmt2MTJjRXlmT2J0Wk5nMVVfa0pHakRzU3d5UzJ1b0l2NXNvN09yc2JtY0laVHFnX2c?oc=5\" target=\"_blank\" rel=\"nofollow noopener\">Mourinho: \u00abO Ivan Lima diz que \u00e9 o segundo melhor do bairro da Jamaica\u00bb<\/a>&nbsp;&nbsp;Maisfutebol<\/li>\n<li><a href=\"https:\/\/news.google.com\/rss\/articles\/CBMinAFBVV95cUxQYkl2aDBJTVhDdGwzVnRieXdtc3BTR3Z4b2twVDMyWU9RQ3JJeF9YV0syekYwbW9YQzQtZU1YTkxBX0YyTVhhMTZ1M0lvdm9SU3Y3UDgwN0w0UnJERl9PcDZCR1hucExmUXpac2hwakxtR0M2Vm5FckRtU2Y0dWdhQ3RKdlluUzJxdXpTc1VxVzVfLXpkQ3Jyd3dfM0w?oc=5\" target=\"_blank\" rel=\"nofollow noopener\">Exclusivo Glorioso 1904 &#8211; Rui Costa toma decis\u00e3o sobre promessa do Benfica<\/a>&nbsp;&nbsp;Glorioso 1904<\/li>\n<li><a href=\"https:\/\/news.google.com\/rss\/articles\/CBMinAJBVV95cUxQbzZEanlUN1FsVXJlOEVPNzRjN1FNQjMwTG1meEZ5bjZpdkdXU19lbE9TcWthcjZXajd6WFphclhfamhZRGlOTFlQQnlKaHhWS1BiZzhTbTh5UGZXN3dhQ0xZcEs2N3BNaEhSSzhQYnRWbjdYX3htT2E0M3g1QUVHSlRQZ2FzOGhyM1NzanBMUUxSNVBVNUtLR3U5NDBUT3VqN183Q3hESnkyMFJfYV9mN2E5WmtrcWF3eHNRd2hWS0VCYXVYc196QVI4VlROVHY3SFZFMUhJa1Z2Q3lLQmdUcXJTT3NVS3RRS3B4X1B6ZVRndlBTTndrV2E2bV8zNXU2TXlDTk9wc3dxY2lRTDlBRjlWTWYxTDVnNE1yYQ?oc=5\" target=\"_blank\" rel=\"nofollow noopener\">Ex-treinador apresenta Ivan Lima: \u00abTem caracter\u00edsticas cada vez mais raras no futebol portugu\u00eas e coisas de Pedro Neto\u00bb<\/a>&nbsp;&nbsp;Record<\/li>\n<li><a href=\"https:\/\/news.google.com\/rss\/articles\/CBMi5gFBVV95cUxOcjhxQjhIaEc2NnFyNXc5bGoxanlfYktYanFKbVpSWmdSVWp0TEttc2xqTHlGWmZRMGRmSmE1Ry05dWdReDRQUTN5ekxYRG9NQktibGIwckYyTnpDREE5ZE1USFNrYXVoNjNOQWFRdkJpYURIRE00S0lRUWl4YU5wR1FjMFMtOXlvcndOeWZBc0Vvb3JRVFhSeUM4NklYN2prN1ZGVlRmZTZVUVVWYThhTThTaHRiU1UtbGNwSGJCMU5zZ09BaXZYT1J1dTJHc3dJZnMxRzEtMXRTQWoyZlRFdkVzWTU0dw?oc=5\" target=\"_blank\" rel=\"nofollow noopener\">Ivan Lima: a estreia pela equipa principal<\/a>&nbsp;&nbsp;Site Oficial do Sport Lisboa e Benfica<\/li>\n<\/ol>\n","protected":false},"excerpt":{"rendered":"\u00abIvan Lima diz que \u00e9 o segundo melhor jogador do Bairro da Jamaica, o primeiro \u00e9 o Le\u00e3o\u00bb&nbsp;&nbsp;Maisfutebol&hellip;\n","protected":false},"author":2,"featured_media":126767,"comment_status":"","ping_status":"","sticky":false,"template":"","format":"standard","meta":{"footnotes":""},"categories":[8],"tags":[3249,51,27,28,9062,15,16,14,24168,1385,25,26,36,21,22,46,12,13,19,20,32,23,24,33,47,17,18,29,30,31],"class_list":{"0":"post-126766","1":"post","2":"type-post","3":"status-publish","4":"format-standard","5":"has-post-thumbnail","7":"category-principais-noticias","8":"tag-arouca","9":"tag-benfica","10":"tag-breaking-news","11":"tag-breakingnews","12":"tag-conferencia-de-imprensa","13":"tag-featured-news","14":"tag-featurednews","15":"tag-headlines","16":"tag-ivan-lima","17":"tag-jose-mourinho","18":"tag-latest-news","19":"tag-latestnews","20":"tag-liga","21":"tag-main-news","22":"tag-mainnews","23":"tag-maisfutebol","24":"tag-news","25":"tag-noticias","26":"tag-noticias-principais","27":"tag-noticiasprincipais","28":"tag-portugal","29":"tag-principais-noticias","30":"tag-principaisnoticias","31":"tag-pt","32":"tag-pura-paixao","33":"tag-top-stories","34":"tag-topstories","35":"tag-ultimas","36":"tag-ultimas-noticias","37":"tag-ultimasnoticias"},"share_on_mastodon":{"url":"","error":"Validation failed: Text character limit of 500 exceeded"},"_links":{"self":[{"href":"https:\/\/www.europesays.com\/pt\/wp-json\/wp\/v2\/posts\/126766","targetHints":{"allow":["GET"]}}],"collection":[{"href":"https:\/\/www.europesays.com\/pt\/wp-json\/wp\/v2\/posts"}],"about":[{"href":"https:\/\/www.europesays.com\/pt\/wp-json\/wp\/v2\/types\/post"}],"author":[{"embeddable":true,"href":"https:\/\/www.europesays.com\/pt\/wp-json\/wp\/v2\/users\/2"}],"replies":[{"embeddable":true,"href":"https:\/\/www.europesays.com\/pt\/wp-json\/wp\/v2\/comments?post=126766"}],"version-history":[{"count":0,"href":"https:\/\/www.europesays.com\/pt\/wp-json\/wp\/v2\/posts\/126766\/revisions"}],"wp:featuredmedia":[{"embeddable":true,"href":"https:\/\/www.europesays.com\/pt\/wp-json\/wp\/v2\/media\/126767"}],"wp:attachment":[{"href":"https:\/\/www.europesays.com\/pt\/wp-json\/wp\/v2\/media?parent=126766"}],"wp:term":[{"taxonomy":"category","embeddable":true,"href":"https:\/\/www.europesays.com\/pt\/wp-json\/wp\/v2\/categories?post=126766"},{"taxonomy":"post_tag","embeddable":true,"href":"https:\/\/www.europesays.com\/pt\/wp-json\/wp\/v2\/tags?post=126766"}],"curies":[{"name":"wp","href":"https:\/\/api.w.org\/{rel}","templated":true}]}}