{"id":126778,"date":"2025-10-26T08:35:08","date_gmt":"2025-10-26T08:35:08","guid":{"rendered":"https:\/\/www.europesays.com\/pt\/126778\/"},"modified":"2025-10-26T08:35:08","modified_gmt":"2025-10-26T08:35:08","slug":"joao-gomes-relembra-alucinacoes-ao-diminuir-uso-de-alcool-25-10-2025-celebridades","status":"publish","type":"post","link":"https:\/\/www.europesays.com\/pt\/126778\/","title":{"rendered":"Jo\u00e3o Gomes relembra alucina\u00e7\u00f5es ao diminuir uso de \u00e1lcool &#8211; 25\/10\/2025 &#8211; Celebridades"},"content":{"rendered":"<p>\n<strong class=\"c-signature__location\">Rio de Janeiro<\/strong>\n<\/p>\n<p><a href=\"https:\/\/www1.folha.uol.com.br\/folha-topicos\/joao-gomes\/\" rel=\"nofollow noopener\" target=\"\">Jo\u00e3o Gomes,<\/a> 23, est\u00e1 prestes a realizar mais um sonho: gravar um DVD no Rio de Janeiro. Enquanto aguardava para subir ao palco, o cantor pernambucano revelou estar vivendo um momento feliz tamb\u00e9m na vida pessoal com a chegada do ca\u00e7ula, Joaquim. Pai de Jorge e Joaquim, <a href=\"https:\/\/f5.folha.uol.com.br\/celebridades\/2024\/10\/joao-gomes-e-ary-mirelle-se-casam-no-recife-com-presenca-de-famosos.shtml\" rel=\"nofollow noopener\" target=\"\">ambos com Ary Mirelle<\/a>, Jo\u00e3o contou os motivos pelos quais reduziu drasticamente o consumo de \u00e1lcool.<\/p>\n","protected":false},"excerpt":{"rendered":"Rio de Janeiro Jo\u00e3o Gomes, 23, est\u00e1 prestes a realizar mais um sonho: gravar um DVD no Rio&hellip;\n","protected":false},"author":2,"featured_media":126779,"comment_status":"","ping_status":"","sticky":false,"template":"","format":"standard","meta":{"footnotes":""},"categories":[145],"tags":[219,211,210,223,29025,114,115,224,225,226,221,220,222,29024,213,32,33,218,228,227],"class_list":{"0":"post-126778","1":"post","2":"type-post","3":"status-publish","4":"format-standard","5":"has-post-thumbnail","7":"category-celebridades","8":"tag-bichos","9":"tag-celebridades","10":"tag-celebrities","11":"tag-colunistas","12":"tag-dvd","13":"tag-entertainment","14":"tag-entretenimento","15":"tag-estranho","16":"tag-eu-amo","17":"tag-fofices","18":"tag-horoscopo","19":"tag-humanos","20":"tag-humor","21":"tag-joo-gomes","22":"tag-msica","23":"tag-portugal","24":"tag-pt","25":"tag-televisao","26":"tag-tudo","27":"tag-videos"},"share_on_mastodon":{"url":"https:\/\/pubeurope.com\/@pt\/115439555243531910","error":""},"_links":{"self":[{"href":"https:\/\/www.europesays.com\/pt\/wp-json\/wp\/v2\/posts\/126778","targetHints":{"allow":["GET"]}}],"collection":[{"href":"https:\/\/www.europesays.com\/pt\/wp-json\/wp\/v2\/posts"}],"about":[{"href":"https:\/\/www.europesays.com\/pt\/wp-json\/wp\/v2\/types\/post"}],"author":[{"embeddable":true,"href":"https:\/\/www.europesays.com\/pt\/wp-json\/wp\/v2\/users\/2"}],"replies":[{"embeddable":true,"href":"https:\/\/www.europesays.com\/pt\/wp-json\/wp\/v2\/comments?post=126778"}],"version-history":[{"count":0,"href":"https:\/\/www.europesays.com\/pt\/wp-json\/wp\/v2\/posts\/126778\/revisions"}],"wp:featuredmedia":[{"embeddable":true,"href":"https:\/\/www.europesays.com\/pt\/wp-json\/wp\/v2\/media\/126779"}],"wp:attachment":[{"href":"https:\/\/www.europesays.com\/pt\/wp-json\/wp\/v2\/media?parent=126778"}],"wp:term":[{"taxonomy":"category","embeddable":true,"href":"https:\/\/www.europesays.com\/pt\/wp-json\/wp\/v2\/categories?post=126778"},{"taxonomy":"post_tag","embeddable":true,"href":"https:\/\/www.europesays.com\/pt\/wp-json\/wp\/v2\/tags?post=126778"}],"curies":[{"name":"wp","href":"https:\/\/api.w.org\/{rel}","templated":true}]}}