{"id":126812,"date":"2025-10-26T09:26:13","date_gmt":"2025-10-26T09:26:13","guid":{"rendered":"https:\/\/www.europesays.com\/pt\/126812\/"},"modified":"2025-10-26T09:26:13","modified_gmt":"2025-10-26T09:26:13","slug":"pecas-curtas-sao-sinonimo-de-liberdade-e-expressao","status":"publish","type":"post","link":"https:\/\/www.europesays.com\/pt\/126812\/","title":{"rendered":"pe\u00e7as curtas s\u00e3o sin\u00f4nimo de liberdade e express\u00e3o"},"content":{"rendered":"<p class=\"texto\">As <a href=\"https:\/\/www.correiobraziliense.com.br\/revista-do-correio\/2021\/11\/4961814-pernas-a-mostra-minissaia-e-a-grande-aposta-do-verao.html\" target=\"_blank\" rel=\"nofollow noopener\">minissaias e os microshorts dominam as passarelas e as ruas<\/a>, marcando presen\u00e7a nas cole\u00e7\u00f5es de grifes internacionais e nos guarda-roupas urbanos. Apesar de algumas pe\u00e7as manterem o comprimento tradicional, cerca de um palmo acima do joelho, vers\u00f5es ainda mais curtas, logo abaixo da linha da calcinha e da cueca, ganham destaque pelo forte apelo visual e simb\u00f3lico.<\/p>\n<p class=\"texto\">Al\u00e9m de surgirem em diferentes comprimentos, os shorts e as saias tamb\u00e9m n\u00e3o se limitam a um \u00fanico tecido. H\u00e1 op\u00e7\u00f5es em jeans, malha, alfaiataria, linho, croch\u00ea, al\u00e9m de modelos com babados e volumes bufantes. Essa variedade refor\u00e7a o car\u00e1ter vers\u00e1til e expressivo do mini, que se adapta tanto ao dia quanto \u00e0 noite, e transita entre o sensual, o moderno e o elegante.<\/p>\n<ul class=\"glide__slides\" style=\"transition: transform 0ms cubic-bezier(0.165, 0.84, 0.44, 1) 0s; width: 2800px; transform: translate3d(0px, 0px, 0px);\">&#13;<br \/>\n            &#13;<\/p>\n<li class=\"glide__slide glide__slide--active\" style=\"width: 685px; margin-right: 10px;\">&#13;<br \/>\n                <img decoding=\"async\" src=\"https:\/\/www.europesays.com\/pt\/wp-content\/uploads\/2025\/10\/whatsapp-image-2025-10-21-at-12-21-16--2--60139915.jpeg\" loading=\"lazy\" width=\"685\" height=\"470\" alt=\"Os microshorts tamb\u00e9m s\u00e3o tend\u00eancia entre os homens \"\/>&#13;<\/p>\n<p>                    &#13;<br \/>\n                        &#13;<\/p>\n<p>Os microshorts tamb\u00e9m s\u00e3o tend\u00eancia entre os homens &#13;<br \/>\n                        Divulga\u00e7\u00e3o\/Louis Vuitton &#13;\n                    <\/p>\n<p>                &#13;\n            <\/li>\n<p>&#13;<br \/>\n&#13;<\/p>\n<li class=\"glide__slide glide__slide--active\" style=\"width: 685px; margin-right: 10px;\">&#13;<br \/>\n                <img decoding=\"async\" src=\"https:\/\/www.europesays.com\/pt\/wp-content\/uploads\/2025\/10\/whatsapp-image-2025-10-21-at-12-21-16--1--60139917.jpeg\" loading=\"lazy\" width=\"685\" height=\"470\" alt=\"As saias aparecem em diferentes comprimentos e tecidos \"\/>&#13;<\/p>\n<p>                    &#13;<br \/>\n                        &#13;<\/p>\n<p>As saias aparecem em diferentes comprimentos e tecidos &#13;<br \/>\n                        Reprodu\u00e7\u00e3o\/@iscupino&#13;\n                    <\/p>\n<p>                &#13;\n            <\/li>\n<p>&#13;<br \/>\n&#13;<\/p>\n<li class=\"glide__slide glide__slide--active\" style=\"width: 685px; margin-right: 10px;\">&#13;<br \/>\n                <img decoding=\"async\" src=\"https:\/\/www.europesays.com\/pt\/wp-content\/uploads\/2025\/10\/whatsapp-image-2025-10-21-at-12-21-16-60139921.jpeg\" loading=\"lazy\" width=\"685\" height=\"470\" alt=\"Na Prada, quanto menor, melhor \"\/>&#13;<\/p>\n<p>                    &#13;<br \/>\n                        &#13;<\/p>\n<p>Na Prada, quanto menor, melhor &#13;<br \/>\n                        Divulga\u00e7\u00e3o\/Prada&#13;\n                    <\/p>\n<p>                &#13;\n            <\/li>\n<p>&#13;<br \/>\n&#13;<\/p>\n<li id=\"taboola-widget-1-photo-gallery\" class=\"glide__slide taboola-widget\"\/>&#13;<br \/>\n            &#13;<br \/>\n            &#13;<br \/>\n            &#13;<br \/>\n            &#13;<\/p>\n<li class=\"glide__slide glide__slide--active\" style=\"width: 685px; margin-right: 10px;\">&#13;<br \/>\n                <img decoding=\"async\" src=\"https:\/\/www.europesays.com\/pt\/wp-content\/uploads\/2025\/10\/whatsapp-image-2025-10-21-at-12-21-15--3--60139928.jpeg\" loading=\"lazy\" width=\"685\" height=\"470\" alt=\"O volume  nas saias tamb\u00e9m  chama  a aten\u00e7\u00e3o \"\/>&#13;<\/p>\n<p>                    &#13;<br \/>\n                        &#13;<\/p>\n<p>O volume  nas saias tamb\u00e9m  chama  a aten\u00e7\u00e3o &#13;<br \/>\n                        Divulga\u00e7\u00e3o\/Iceberg&#13;\n                    <\/p>\n<p>                &#13;\n            <\/li>\n<p>&#13;<br \/>\n&#13;<\/p>\n<li class=\"glide__slide glide__slide--active\" style=\"width: 685px; margin-right: 10px;\">&#13;<br \/>\n                <img decoding=\"async\" src=\"https:\/\/www.europesays.com\/pt\/wp-content\/uploads\/2025\/10\/whatsapp-image-2025-10-21-at-12-21-15--1--60139934.jpeg\" loading=\"lazy\" width=\"685\" height=\"470\" alt=\"Kylie Jenner apostou em um look Isabel Marant da cabe\u00e7a aos p\u00e9s \"\/>&#13;<\/p>\n<p>                    &#13;<br \/>\n                        &#13;<\/p>\n<p>Kylie Jenner apostou em um look Isabel Marant da cabe\u00e7a aos p\u00e9s &#13;<br \/>\n                        Reprodu\u00e7\u00e3o\/@kyliejenner&#13;\n                    <\/p>\n<p>                &#13;\n            <\/li>\n<p>&#13;<br \/>\n&#13;<\/p>\n<li class=\"glide__slide glide__slide--active\" style=\"width: 685px; margin-right: 10px;\">&#13;<br \/>\n                <img decoding=\"async\" src=\"https:\/\/www.europesays.com\/pt\/wp-content\/uploads\/2025\/10\/whatsapp-image-2025-10-21-at-12-21-15--2--60139936.jpeg\" loading=\"lazy\" width=\"685\" height=\"470\" alt=\"Na Dior de Jonathan Anderson, o comprimento mini foi destaque  \"\/>&#13;<\/p>\n<p>                    &#13;<br \/>\n                        &#13;<\/p>\n<p>Na Dior de Jonathan Anderson, o comprimento mini foi destaque  &#13;<br \/>\n                        Divulga\u00e7\u00e3o\/Dior&#13;\n                    <\/p>\n<p>                &#13;\n            <\/li>\n<p>&#13;<br \/>\n&#13;<\/p>\n<li id=\"taboola-widget-2-photo-gallery\" class=\"glide__slide taboola-widget\"\/>&#13;<br \/>\n            &#13;<br \/>\n            &#13;<br \/>\n            &#13;<br \/>\n            &#13;\n                                <\/ul>\n<p class=\"texto\">Para a <a href=\"https:\/\/www.instagram.com\/helodpaula\/?hl=en\" target=\"_blank\" rel=\"nofollow noopener\">consultora de imagem Hel\u00f4 de Paula<\/a>, o comprimento mini \u00e9 uma tend\u00eancia c\u00edclica, que desaparece por um tempo, mas sempre retorna. Desde o fim da pandemia, ela observa que a moda tem atravessado mudan\u00e7as profundas: do conforto do estilo comfy, t\u00edpico do isolamento, \u00e0 energia vibrante do color block, s\u00edmbolo da retomada das rotinas. Nesse cen\u00e1rio de contrastes e reinven\u00e7\u00f5es, o retorno do mini surge como uma representa\u00e7\u00e3o de liberdade, personalidade e transgress\u00e3o. &#8220;Demonstra uma vontade coletiva de leveza e ousadia&#8221;, destaca.\u00a0<\/p>\n<p>Um cl\u00e1ssico reinventado<\/p>\n<p class=\"texto\">A <a href=\"https:\/\/www.instagram.com\/marcelemor\/?hl=en\" target=\"_blank\" rel=\"nofollow noopener\">consultora de imagem Marcele Monte M\u00f3r<\/a> aponta que a volta do mini \u00e9 tamb\u00e9m um resgate hist\u00f3rico. Com forte influ\u00eancia das d\u00e9cadas de 1960 e 2000, per\u00edodos marcados pela revolu\u00e7\u00e3o dos costumes e pelo culto \u00e0 juventude, essa tend\u00eancia tem sido especialmente abra\u00e7ada pela gera\u00e7\u00e3o Z. Para ela, grifes como Miu Miu, Versace e Prada t\u00eam desempenhado papel fundamental nessa retomada, reinterpretando o mini em vers\u00f5es que v\u00e3o do rom\u00e2ntico ao urbano, do delicado ao esportivo.<\/p>\n<p class=\"texto\">O fen\u00f4meno, segundo Marcele, reflete o esp\u00edrito de uma nova gera\u00e7\u00e3o que v\u00ea na moda uma ferramenta de afirma\u00e7\u00e3o e experimenta\u00e7\u00e3o. Para Hel\u00f4 de Paula, o curtinho\u00a0tamb\u00e9m vai muito al\u00e9m da est\u00e9tica. Ele carrega uma narrativa sobre seguran\u00e7a, identidade e inten\u00e7\u00e3o de imagem. A especialista explica que a mesma pe\u00e7a pode representar liberdade ou vulnerabilidade, dependendo do olhar e da inten\u00e7\u00e3o de quem a usa. &#8220;Quando a mulher se sente segura, pode comunicar poder e leveza, mas, se a escolha parte da necessidade de aprova\u00e7\u00e3o ou compara\u00e7\u00e3o, o mesmo pode se tornar um s\u00edmbolo de exposi\u00e7\u00e3o.&#8221;<\/p>\n<p class=\"texto\">Marcele concorda que se vestir \u00e9, antes de tudo, um ato de comunica\u00e7\u00e3o. &#8220;A moda tem esse poder de ser uma forma de express\u00e3o individual e de liberdade, de revelar quem somos por meio do nosso estilo pessoal. Por isso, o mini pode representar sensualidade ou autenticidade, dependendo da inten\u00e7\u00e3o e do olhar de quem veste&#8221;, ressalta a consultora de imagem.\u00a0<\/p>\n<p>O di\u00e1logo com o movimento body positive<\/p>\n<p class=\"texto\">Se, no passado, pe\u00e7as curtas estiveram atreladas a um ideal de corpo, magro e padronizado, hoje elas se abrem a novas interpreta\u00e7\u00f5es. Hel\u00f4 de Paula acredita que o comprimento pode dialogar com o movimento <a href=\"https:\/\/www.correiobraziliense.com.br\/brasil\/2022\/10\/5048411-movimento-body-positive-luta-contra-novo-padrao-de-corpo-que-exalta-magreza.html\" target=\"_blank\" rel=\"nofollow noopener\">body positive<\/a>, desde que a narrativa mude. Para ela, n\u00e3o existem biotipos certos ou errados, mas, sim, pe\u00e7as que valorizam cada forma de maneira distinta. O mini, nesse sentido, n\u00e3o deve ser exclusividade de corpos &#8220;padr\u00e3o&#8221;, mas um instrumento de autoestima, aceita\u00e7\u00e3o e express\u00e3o individual. No entanto, \u00e9 ineg\u00e1vel que o mercado da moda ainda insiste em mostrar essa tend\u00eancia em corpos muito espec\u00edficos.\u00a0<\/p>\n<p class=\"texto\">Marcele complementa que essa transforma\u00e7\u00e3o passa pela autoaceita\u00e7\u00e3o. Em seu trabalho, percebe que muitas mulheres deixam de usar certas pe\u00e7as por n\u00e3o estarem no peso que desejam. Ela as incentiva a viver o presente, a vestir o que as faz bem e a cuidar do corpo que t\u00eam agora. Mais importante do que seguir tend\u00eancias, afirma, \u00e9 se reconhecer no espelho e ver ali sua pr\u00f3pria ess\u00eancia.<\/p>\n<p>Eleg\u00e2ncia no equil\u00edbrio<\/p>\n<p class=\"texto\">Uma das principais discuss\u00f5es em torno do mini \u00e9 o risco de cair na vulgaridade. Para Hel\u00f4, o segredo est\u00e1 no equil\u00edbrio: pe\u00e7as curtas combinadas a mangas longas, tecidos de qualidade e modelagens estruturadas comunicam sensualidade sem exagero. Mais do que o comprimento, o que define o resultado \u00e9 o conjunto, a atitude, o styling e o contexto.<\/p>\n<p class=\"texto\">Marcele tamb\u00e9m aposta em composi\u00e7\u00f5es que equilibram sensualidade e conforto. Ela sugere combinar o mini com camisas oversized, t\u00eanis ou coturnos, al\u00e9m de explorar sobreposi\u00e7\u00f5es com casacos maxi e meia-cal\u00e7a. Essas escolhas, segundo a consultora, permitem que o mini apare\u00e7a com informa\u00e7\u00e3o de moda, sem perder a eleg\u00e2ncia.<\/p>\n<p class=\"texto\">Os desfiles mais recentes confirmam que o curto voltou sofisticado. Hel\u00f4 destaca a for\u00e7a dos tecidos de alfaiataria, linho com elastano, jacquard e tweed, especialmente em saias curtas de corte reto. O couro, por sua vez, traz um toque de rebeldia, enquanto paet\u00eas, metalizados e acetinados permitem que o mini transite do dia para a noite.<\/p>\n<p class=\"texto\">J\u00e1 Marcele observa uma ampla diversidade de materiais. Sarja, denim, gabardine e couro aparecem em propostas mais estruturadas, enquanto tecidos fluidos, como seda e viscose, criam leveza e movimento. Aplica\u00e7\u00f5es de cristais, rendas e drapeados tamb\u00e9m marcam presen\u00e7a, revelando um mini que pode ser glamouroso, rom\u00e2ntico ou casual.<\/p>\n<p class=\"texto\">Mais do que um s\u00edmbolo feminino, o mini conquista tamb\u00e9m o guarda-roupa masculino. Hel\u00f4 de Paula ressalta que o comprimento \u00e9 sobre express\u00e3o, e n\u00e3o sobre g\u00eanero. Nas passarelas, homens t\u00eam explorado o mini como uma forma de liberdade e ruptura com antigos c\u00f3digos de masculinidade. Marcele acrescenta que o mini aparece cada vez mais na moda masculina, especialmente em vers\u00f5es esportivas, de praia e at\u00e9 na alfaiataria.<\/p>\n<p class=\"texto\">\u00a0<\/p>\n<p>              <\/p>\n<ul>\n<li><a href=\"https:\/\/wa.me\/?text=Comprimento+mini%3A+pe%C3%A7as+curtas+s%C3%A3o+sin%C3%B4nimo+de+liberdade+e+express%C3%A3o+%20https:\/\/www.correiobraziliense.com.br\/revista-do-correio\/2025\/10\/7275447-comprimento-mini-pecas-curtas-sao-sinonimo-de-liberdade-e-expressao.html\" target=\"_blank\" title=\"Whatsapp\" aria-label=\"WhatsApp\" rel=\"nofollow noopener\"><\/a><\/li>\n<li><a href=\"https:\/\/www.facebook.com\/sharer.php?u=https:\/\/www.correiobraziliense.com.br%2Frevista-do-correio%2F2025%2F10%2F7275447-comprimento-mini-pecas-curtas-sao-sinonimo-de-liberdade-e-expressao.html&amp;text=Comprimento+mini%3A+pe%C3%A7as+curtas+s%C3%A3o+sin%C3%B4nimo+de+liberdade+e+express%C3%A3o+\" target=\"_blank\" title=\"Facebook\" aria-label=\"Facebook\" rel=\"nofollow noopener\"><\/a><\/li>\n<li><a href=\"https:\/\/twitter.com\/intent\/tweet?url=https:\/\/www.correiobraziliense.com.br%2Frevista-do-correio%2F2025%2F10%2F7275447-comprimento-mini-pecas-curtas-sao-sinonimo-de-liberdade-e-expressao.html&amp;text=Comprimento+mini%3A+pe%C3%A7as+curtas+s%C3%A3o+sin%C3%B4nimo+de+liberdade+e+express%C3%A3o+\" target=\"_blank\" title=\"Twitter\" aria-label=\"Twitter\" rel=\"nofollow noopener\"><\/a><\/li>\n<li><a href=\"https:\/\/profile.google.com\/cp\/CgovbS8wNzZ0dms1\" title=\"Google Discover\" target=\"_blank\" aria-label=\"Google Discover\" rel=\"nofollow noopener\"><img decoding=\"async\" src=\"https:\/\/www.europesays.com\/pt\/wp-content\/uploads\/2025\/10\/1761263228_86_google-discover-icon.png\" style=\"height: 25px; margin: 0 !important; margin-left: 3px;\" alt=\"Google Discover Icon\"\/><\/a><\/li>\n<\/ul>\n<p>              <a href=\"https:\/\/www.correiobraziliense.com.br\/autor\/giovanna-kunz\/page\/1\/\" style=\"height: 100%;\" rel=\"nofollow noopener\" target=\"_blank\"><img decoding=\"async\" class=\"hidden-print author-circle d-block h6 mt-0 mb-0 mr-6 text-center\" src=\"https:\/\/www.europesays.com\/pt\/wp-content\/uploads\/2025\/09\/giovanna_kunz_bio-56718978.jpeg\" alt=\"\" width=\"40\" height=\"40\" loading=\"lazy\" style=\"object-fit:cover; width: 40px; height: 40px; margin-right:10px;\"\/><\/a><a href=\"https:\/\/www.correiobraziliense.com.br\/autor\/giovanna-kunz\/page\/1\/\" rel=\"nofollow noopener\" target=\"_blank\"><img decoding=\"async\" class=\"hidden-print author-circle d-block h6 mt-0 mb-0 mr-6 text-center\" src=\"https:\/\/www.europesays.com\/pt\/wp-content\/uploads\/2025\/09\/giovanna_kunz_bio-56718978.jpeg\" alt=\"\" width=\"40\" height=\"40\" loading=\"lazy\" style=\"object-fit:cover; width: 40px; height: 40px; margin-right:10px;\"\/><\/a>Giovanna Kunz  <strong class=\"entryStrongAuthor\">Revista do Correio<\/strong><\/p>\n<p class=\"entryDescricaoAuthor\">\u00c9 estudante de jornalismo na Universidade de Bras\u00edlia (UnB). Atuou como estagi\u00e1ria na editoria de Cultura do Correio Braziliense e integrou a equipe da coluna Claudia Meireles, no Metr\u00f3poles. Atualmente, escreve para a Revista do Correio.<\/p>\n<p>                          <script async src=\"https:\/\/platform.twitter.com\/widgets.js\" charset=\"utf-8\"><\/script><script async src=\"\/\/www.instagram.com\/embed.js\"><\/script><\/p>\n","protected":false},"excerpt":{"rendered":"As minissaias e os microshorts dominam as passarelas e as ruas, marcando presen\u00e7a nas cole\u00e7\u00f5es de grifes internacionais&hellip;\n","protected":false},"author":2,"featured_media":126813,"comment_status":"","ping_status":"","sticky":false,"template":"","format":"standard","meta":{"footnotes":""},"categories":[84],"tags":[109,107,108,29027,32,33,105,103,104,12608,106,110],"class_list":{"0":"post-126812","1":"post","2":"type-post","3":"status-publish","4":"format-standard","5":"has-post-thumbnail","7":"category-ciencia-e-tecnologia","8":"tag-ciencia","9":"tag-ciencia-e-tecnologia","10":"tag-cienciaetecnologia","11":"tag-minissaia","12":"tag-portugal","13":"tag-pt","14":"tag-science","15":"tag-science-and-technology","16":"tag-scienceandtechnology","17":"tag-short","18":"tag-technology","19":"tag-tecnologia"},"share_on_mastodon":{"url":"https:\/\/pubeurope.com\/@pt\/115439756054448784","error":""},"_links":{"self":[{"href":"https:\/\/www.europesays.com\/pt\/wp-json\/wp\/v2\/posts\/126812","targetHints":{"allow":["GET"]}}],"collection":[{"href":"https:\/\/www.europesays.com\/pt\/wp-json\/wp\/v2\/posts"}],"about":[{"href":"https:\/\/www.europesays.com\/pt\/wp-json\/wp\/v2\/types\/post"}],"author":[{"embeddable":true,"href":"https:\/\/www.europesays.com\/pt\/wp-json\/wp\/v2\/users\/2"}],"replies":[{"embeddable":true,"href":"https:\/\/www.europesays.com\/pt\/wp-json\/wp\/v2\/comments?post=126812"}],"version-history":[{"count":0,"href":"https:\/\/www.europesays.com\/pt\/wp-json\/wp\/v2\/posts\/126812\/revisions"}],"wp:featuredmedia":[{"embeddable":true,"href":"https:\/\/www.europesays.com\/pt\/wp-json\/wp\/v2\/media\/126813"}],"wp:attachment":[{"href":"https:\/\/www.europesays.com\/pt\/wp-json\/wp\/v2\/media?parent=126812"}],"wp:term":[{"taxonomy":"category","embeddable":true,"href":"https:\/\/www.europesays.com\/pt\/wp-json\/wp\/v2\/categories?post=126812"},{"taxonomy":"post_tag","embeddable":true,"href":"https:\/\/www.europesays.com\/pt\/wp-json\/wp\/v2\/tags?post=126812"}],"curies":[{"name":"wp","href":"https:\/\/api.w.org\/{rel}","templated":true}]}}