{"id":126822,"date":"2025-10-26T09:34:21","date_gmt":"2025-10-26T09:34:21","guid":{"rendered":"https:\/\/www.europesays.com\/pt\/126822\/"},"modified":"2025-10-26T09:34:21","modified_gmt":"2025-10-26T09:34:21","slug":"quando-uma-mulher-diz-que-esta-leve","status":"publish","type":"post","link":"https:\/\/www.europesays.com\/pt\/126822\/","title":{"rendered":"Quando uma mulher diz que est\u00e1 leve&#8230;"},"content":{"rendered":"<p>A entrevista que L\u00e9o Caeiro fez a S\u00f3nia Jesus para a CMTV foi transmitida no programa \u2018Manh\u00e3 CM\u2019 desta sexta-feira, 24 de outubro. Esta foi tamb\u00e9m a primeira vez que a ex-concorrente do Big Brother falou sobre o fim da sua rela\u00e7\u00e3o com V\u00edtor Soares.<\/p>\n<p><strong>Leia tamb\u00e9m: <\/strong><a href=\"https:\/\/www.hiper.fm\/ha-volta-a-dar-ou-nao-ainda-pensas-nele-sonia-jesus-responde-sobre-separacao-de-vitor-soares\/\" target=\"_blank\" rel=\"noopener nofollow\">\u201cH\u00e1 volta a dar ou n\u00e3o? Ainda pensas nele?\u201d. S\u00f3nia Jesus responde sobre separa\u00e7\u00e3o de V\u00edtor Soares<\/a><\/p>\n<p>Perante as respostas que S\u00f3nia deu ao comentador, Gisela Serrano destacou prontamente: \u201c<strong>V\u00ea-se que a S\u00f3nia n\u00e3o est\u00e1 feliz. No meu ponto de vista, a S\u00f3nia n\u00e3o est\u00e1 feliz, est\u00e1 a lutar todos os dias para ser feliz e eu mando-lhe um beijinho muito grande porque realmente ela \u00e9 uma guerreira, uma mulher cheia de for\u00e7a e uma excelente m\u00e3e. E foi uma excelente mulher<\/strong>\u201c.<\/p>\n<p>Neste sentido, a comentadora explicou: \u201c<strong>O que eu acho \u00e9 que, como ela diz mesmo, ela est\u00e1 leve e, quando uma mulher diz que est\u00e1 leve, \u00e9 porque algum peso lhe saiu de cima, no meu ponto de vista<\/strong>\u201c.<\/p>\n<p>Por sua vez, L\u00e9o Caeiro indicou: \u201c<strong>Ela est\u00e1 leve emocionalmente, obviamente que ela est\u00e1 em baixo, est\u00e1 triste, mas a vida dela segue e \u00e9 isso que ela tem tentado. E<\/strong><strong>la n\u00e3o tirou um peso de cima, o Vit\u00f3 n\u00e3o era um peso para ela. Se fosse, quando ele esteve preso, tinha-o deixado<\/strong>\u201c.<\/p>\n","protected":false},"excerpt":{"rendered":"A entrevista que L\u00e9o Caeiro fez a S\u00f3nia Jesus para a CMTV foi transmitida no programa \u2018Manh\u00e3 CM\u2019&hellip;\n","protected":false},"author":2,"featured_media":126823,"comment_status":"","ping_status":"","sticky":false,"template":"","format":"standard","meta":{"footnotes":""},"categories":[142],"tags":[114,115,741,29028,29029,29030,3968,32,33,20528,151],"class_list":{"0":"post-126822","1":"post","2":"type-post","3":"status-publish","4":"format-standard","5":"has-post-thumbnail","7":"category-tv","8":"tag-entertainment","9":"tag-entretenimento","10":"tag-entrevista","11":"tag-feliz","12":"tag-gisela-serrano","13":"tag-leve","14":"tag-mulher","15":"tag-portugal","16":"tag-pt","17":"tag-sonia-jesus","18":"tag-tv"},"share_on_mastodon":{"url":"https:\/\/pubeurope.com\/@pt\/115439787160608424","error":""},"_links":{"self":[{"href":"https:\/\/www.europesays.com\/pt\/wp-json\/wp\/v2\/posts\/126822","targetHints":{"allow":["GET"]}}],"collection":[{"href":"https:\/\/www.europesays.com\/pt\/wp-json\/wp\/v2\/posts"}],"about":[{"href":"https:\/\/www.europesays.com\/pt\/wp-json\/wp\/v2\/types\/post"}],"author":[{"embeddable":true,"href":"https:\/\/www.europesays.com\/pt\/wp-json\/wp\/v2\/users\/2"}],"replies":[{"embeddable":true,"href":"https:\/\/www.europesays.com\/pt\/wp-json\/wp\/v2\/comments?post=126822"}],"version-history":[{"count":0,"href":"https:\/\/www.europesays.com\/pt\/wp-json\/wp\/v2\/posts\/126822\/revisions"}],"wp:featuredmedia":[{"embeddable":true,"href":"https:\/\/www.europesays.com\/pt\/wp-json\/wp\/v2\/media\/126823"}],"wp:attachment":[{"href":"https:\/\/www.europesays.com\/pt\/wp-json\/wp\/v2\/media?parent=126822"}],"wp:term":[{"taxonomy":"category","embeddable":true,"href":"https:\/\/www.europesays.com\/pt\/wp-json\/wp\/v2\/categories?post=126822"},{"taxonomy":"post_tag","embeddable":true,"href":"https:\/\/www.europesays.com\/pt\/wp-json\/wp\/v2\/tags?post=126822"}],"curies":[{"name":"wp","href":"https:\/\/api.w.org\/{rel}","templated":true}]}}