{"id":126824,"date":"2025-10-26T09:37:08","date_gmt":"2025-10-26T09:37:08","guid":{"rendered":"https:\/\/www.europesays.com\/pt\/126824\/"},"modified":"2025-10-26T09:37:08","modified_gmt":"2025-10-26T09:37:08","slug":"insolito-benfica-tem-dois-jogos-nos-pavilhoes-ao-inicio-da-tarde-mas-sera-que-tem","status":"publish","type":"post","link":"https:\/\/www.europesays.com\/pt\/126824\/","title":{"rendered":"Ins\u00f3lito: Benfica tem dois jogos nos pavilh\u00f5es ao in\u00edcio da tarde. Mas ser\u00e1 que tem?"},"content":{"rendered":"<p>\t                Os dois pavilh\u00f5es do Est\u00e1dio da Luz est\u00e3o ocupados para as elei\u00e7\u00f5es e respetiva contagem dos votos<\/p>\n<p>As maiores elei\u00e7\u00f5es de sempre no Benfica obrigaram o clube da Luz a uma grande log\u00edstica. Foram mais de 85 mil votantes e, os dois pavilh\u00f5es junto ao est\u00e1dio serviram de local de vota\u00e7\u00e3o para creca de 25 mil s\u00f3cios.<\/p>\n<p>Ora, a contagem dos votos prolongou-se pela noite e, \u00e0s 7h da manh\u00e3 de domingo estavam por apurar mais de metade dos boletins.<\/p>\n<p>Assim, os encarnados correm o risco de n\u00e3o conseguirem receber pelo menos dois jogos das modalidades que tinham marcados para o in\u00edcio da tarde: Benfica frente ao Gil Eanes, para o andebol feminino, \u00e0s 14h, e o Benfica contra o Vit\u00f3ria de Guimar\u00e3es, \u00e0s 15h, para a Ta\u00e7a Hugo dos Santos, em basquetebol.<\/p>\n<p>De recordar, ser\u00e1 necess\u00e1ria uma limpeza dos dois pavilh\u00f5es bem como, no caso do segundo jogo, uma montagem das tabelas para que tudo esteja pronto para os encontros.<\/p>\n<p>Desta forma, ser\u00e1 muito prov\u00e1vel que os dois jogos n\u00e3o se realizem, pelo menos nos pavilh\u00f5es dos encarnados.<\/p>\n","protected":false},"excerpt":{"rendered":"Os dois pavilh\u00f5es do Est\u00e1dio da Luz est\u00e3o ocupados para as elei\u00e7\u00f5es e respetiva contagem dos votos As&hellip;\n","protected":false},"author":2,"featured_media":126825,"comment_status":"","ping_status":"","sticky":false,"template":"","format":"standard","meta":{"footnotes":""},"categories":[87],"tags":[609,836,2693,611,2694,51,27,607,608,333,832,604,135,610,476,11568,301,830,603,570,831,833,1830,62,834,13,835,602,52,32,33,134,29],"class_list":{"0":"post-126824","1":"post","2":"type-post","3":"status-publish","4":"format-standard","5":"has-post-thumbnail","7":"category-desporto","8":"tag-alerta","9":"tag-analise","10":"tag-andebol","11":"tag-ao-minuto","12":"tag-basquetebol","13":"tag-benfica","14":"tag-breaking-news","15":"tag-cnn","16":"tag-cnn-portugal","17":"tag-comentadores","18":"tag-costa","19":"tag-crime","20":"tag-desporto","21":"tag-direto","22":"tag-economia","23":"tag-eleicoes-benfica","24":"tag-governo","25":"tag-guerra","26":"tag-justica","27":"tag-live","28":"tag-mais-vistas","29":"tag-marcelo","30":"tag-modalidades","31":"tag-mundo","32":"tag-negocios","33":"tag-noticias","34":"tag-opiniao","35":"tag-pais","36":"tag-politica","37":"tag-portugal","38":"tag-pt","39":"tag-sports","40":"tag-ultimas"},"share_on_mastodon":{"url":"https:\/\/pubeurope.com\/@pt\/115439799241631391","error":""},"_links":{"self":[{"href":"https:\/\/www.europesays.com\/pt\/wp-json\/wp\/v2\/posts\/126824","targetHints":{"allow":["GET"]}}],"collection":[{"href":"https:\/\/www.europesays.com\/pt\/wp-json\/wp\/v2\/posts"}],"about":[{"href":"https:\/\/www.europesays.com\/pt\/wp-json\/wp\/v2\/types\/post"}],"author":[{"embeddable":true,"href":"https:\/\/www.europesays.com\/pt\/wp-json\/wp\/v2\/users\/2"}],"replies":[{"embeddable":true,"href":"https:\/\/www.europesays.com\/pt\/wp-json\/wp\/v2\/comments?post=126824"}],"version-history":[{"count":0,"href":"https:\/\/www.europesays.com\/pt\/wp-json\/wp\/v2\/posts\/126824\/revisions"}],"wp:featuredmedia":[{"embeddable":true,"href":"https:\/\/www.europesays.com\/pt\/wp-json\/wp\/v2\/media\/126825"}],"wp:attachment":[{"href":"https:\/\/www.europesays.com\/pt\/wp-json\/wp\/v2\/media?parent=126824"}],"wp:term":[{"taxonomy":"category","embeddable":true,"href":"https:\/\/www.europesays.com\/pt\/wp-json\/wp\/v2\/categories?post=126824"},{"taxonomy":"post_tag","embeddable":true,"href":"https:\/\/www.europesays.com\/pt\/wp-json\/wp\/v2\/tags?post=126824"}],"curies":[{"name":"wp","href":"https:\/\/api.w.org\/{rel}","templated":true}]}}