{"id":126836,"date":"2025-10-26T09:46:15","date_gmt":"2025-10-26T09:46:15","guid":{"rendered":"https:\/\/www.europesays.com\/pt\/126836\/"},"modified":"2025-10-26T09:46:15","modified_gmt":"2025-10-26T09:46:15","slug":"quadro-desaparecido-de-picasso-foi-esquecido-por-transportadora-em-madrid","status":"publish","type":"post","link":"https:\/\/www.europesays.com\/pt\/126836\/","title":{"rendered":"Quadro desaparecido de Picasso foi esquecido por transportadora em Madrid"},"content":{"rendered":"<p data-remotead-prev-elm=\"true\" data-remotead-elm-id=\"inread\">A pol\u00edcia espanhola revelou esta sexta-feira que recuperou um quadro de Pablo Picasso avaliado em 600 mil euros que tinha desaparecido no transporte para uma exposi\u00e7\u00e3o em Granada, no sul de Espanha.<\/p>\n<p>&#8220;Recuperado o Picasso desaparecido no transporte para uma exposi\u00e7\u00e3o em Granada. Poder\u00e1 nunca ter chegado a entrar no cami\u00e3o de transporte&#8221;, escreveu a Pol\u00edcia Nacional de Espanha na rede social X, onde publicou uma fotografia do quadro.<\/p>\n<p>Fontes da investiga\u00e7\u00e3o policial explicaram posteriormente \u00e0 ag\u00eancia de not\u00edcias EFE que o quadro nem sequer saiu do edif\u00edcio onde vive o propriet\u00e1rio da obra, em Madrid.<\/p>\n<p data-remotead-prev-elm=\"true\" data-remotead-elm-id=\"centro1\">Segundo as mesmas fontes, a empresa tinha de recolher num edif\u00edcio da avenida Pio XII de Madrid v\u00e1rias obras de arte, incluindo o quadro de Pablo Picasso, para os levar para um armaz\u00e9m, a partir do qual seguiriam, no dia seguinte, para Granada.<\/p>\n<p>No entanto, o quadro de Picasso, embalado, ficou esquecido na entrada do pr\u00e9dio, onde uma vizinha o viu mais tarde. Pensando que seria uma encomenda para algum dos moradores, a mulher recolheu o pacote e guardou-o em casa, sem o abrir.<\/p>\n<blockquote class=\"twitter-tweet\">\n<p>Recuperado el <a href=\"https:\/\/twitter.com\/hashtag\/Picasso?src=hash&amp;ref_src=twsrc%5Etfw\" rel=\"nofollow noopener\" target=\"_blank\">#Picasso<\/a> desaparecido en su traslado a una exposici\u00f3n en <a href=\"https:\/\/twitter.com\/hashtag\/Granada?src=hash&amp;ref_src=twsrc%5Etfw\" rel=\"nofollow noopener\" target=\"_blank\">#Granada<\/a><\/p>\n<p>Podr\u00eda no haber llegado a subir al cami\u00f3n de transporte<\/p>\n<p>La Brigada de Patrimonio Hist\u00f3rico de <a href=\"https:\/\/twitter.com\/policia?ref_src=twsrc%5Etfw\" rel=\"nofollow noopener\" target=\"_blank\">@policia<\/a> mantiene abierta la investigaci\u00f3n una vez que agentes de Polic\u00eda Cient\u00edfica han&#8230; <a href=\"https:\/\/t.co\/lb5jN8tFvI\" rel=\"nofollow\">pic.twitter.com\/lb5jN8tFvI<\/a><\/p>\n<p>&#8211; Polic\u00eda Nacional (@policia) <a href=\"https:\/\/twitter.com\/policia\/status\/1981643220586016910?ref_src=twsrc%5Etfw\" rel=\"nofollow noopener\" target=\"_blank\">October 24, 2025<\/a><\/p><\/blockquote>\n<p>A mulher guardou a embalagem at\u00e9 h\u00e1 alguns dias, quando o marido lhe comentou as not\u00edcias do Picasso desaparecido cujo propriet\u00e1rio residia na avenida Pio XII. Foi por causa destas not\u00edcias que a mulher se lembrou da encomenda que tinha levado para casa e telefonou posteriormente \u00e0 pol\u00edcia.<\/p>\n<p data-remotead-prev-elm=\"true\" data-remotead-elm-id=\"centro2\">A Brigada de Patrim\u00f3nio Hist\u00f3rico &#8220;mant\u00e9m aberta a investiga\u00e7\u00e3o&#8221; depois de a Pol\u00edcia Cient\u00edfica ter &#8220;inspecionado a embalagem que continha o quadro&#8221;, escreveu esta sexta-feira a pol\u00edcia espanhola na rede social X, na mesma publica\u00e7\u00e3o em que confirmou ter recuperado a obra de arte.<\/p>\n<p>Desaparecimento reportado a 10 de outubro<\/p>\n<p>O desaparecimento de &#8220;Nature morte \u00e0 la guitare&#8221; (&#8220;Natureza morta com guitarra&#8221;), uma obra de 1919 do espanhol Pablo Picasso, com 12,7 cent\u00edmetros de altura e 9,8 de largura, foi denunciada \u00e0 pol\u00edcia nacional espanhola em 10 de outubro passado pela Funda\u00e7\u00e3o CajaGranada.<\/p>\n<p>Esta institui\u00e7\u00e3o explicou num comunicado que uma empresa especializada no transporte de obras de arte lhe entregou a 3 de outubro, no Centro Cultural CajaGranada, mais de meia centena de quadros com diversas origens levados desde Madrid para serem integrados na exposi\u00e7\u00e3o &#8220;Natureza morta. A eternidade do inerte&#8221;.<\/p>\n<p data-remotead-prev-elm=\"true\" data-remotead-elm-id=\"centro3\">Segundo o mesmo comunicado, as obras entregues ficaram depositadas num espa\u00e7o da funda\u00e7\u00e3o, com videovigil\u00e2ncia permanente, at\u00e9 ao dia 6 de outubro, quando foram desembaladas e os respons\u00e1veis pela institui\u00e7\u00e3o e pela exposi\u00e7\u00e3o verificaram que faltava um quadro, &#8220;Nature morte \u00e0 la guitare&#8221;, apesar de constar das guias de transporte.<\/p>\n<p>Fontes da investiga\u00e7\u00e3o do caso citadas por v\u00e1rios meios de comunica\u00e7\u00e3o social locais tinham revelado que a viagem de cerca de 400 quil\u00f3metros entre Madrid e Granada, no sul de Espanha, para transportar as obras (57, \u00e0 partida) levou dois dias a concluir, sendo este um dos aspetos em que se focava a investiga\u00e7\u00e3o.<\/p>\n<p>Os quadros foram transportados numa carrinha em que seguiam duas pessoas. Ap\u00f3s a sa\u00edda de Madrid, pararam a cerca de 27 quil\u00f3metros do destino, onde dormiram, num pequeno hotel, com as duas pessoas a, alegadamente, fazerem turnos para vigiar a carrinha, disseram as fontes policiais citadas pela imprensa espanhola.<\/p>\n<p data-remotead-prev-elm=\"true\" data-remotead-elm-id=\"centro4\">As viagens por estrada para levar obras de arte obedecem a v\u00e1rias regras de acondicionamento e exigem velocidades lentas na condu\u00e7\u00e3o, para n\u00e3o danificar as pe\u00e7as, como lembraram alguns peritos neste tipo de transporte citados tamb\u00e9m pela imprensa espanhola.<\/p>\n<p>A identidade do propriet\u00e1rio de &#8220;Nature morte \u00e0 la guitare&#8221; n\u00e3o foi at\u00e9 agora revelada. Sabe-se apenas que \u00e9 um colecionador particular que adquiriu o quadro de Picasso h\u00e1 alguns anos por 60 mil euros e que o mantinha numa resid\u00eancia em Madrid, de onde foi levado em 25 de setembro, por uma empresa especializada no transporte de obras de arte, com o objetivo de ser integrada na exposi\u00e7\u00e3o de Granada.<\/p>\n<p>Segundo a Funda\u00e7\u00e3o CajaGranada, a obra foi agora avaliada para efeitos de seguro num valor de 600 mil euros.<\/p>\n<p><script async src=\"https:\/\/platform.twitter.com\/widgets.js\" charset=\"utf-8\"><\/script><\/p>\n","protected":false},"excerpt":{"rendered":"A pol\u00edcia espanhola revelou esta sexta-feira que recuperou um quadro de Pablo Picasso avaliado em 600 mil euros&hellip;\n","protected":false},"author":2,"featured_media":126837,"comment_status":"","ping_status":"","sticky":false,"template":"","format":"standard","meta":{"footnotes":""},"categories":[144],"tags":[207,205,206,203,201,202,204,114,115,62,11947,32,33],"class_list":{"0":"post-126836","1":"post","2":"type-post","3":"status-publish","4":"format-standard","5":"has-post-thumbnail","7":"category-arte-e-design","8":"tag-arte","9":"tag-arte-e-design","10":"tag-artedesign","11":"tag-arts","12":"tag-arts-and-design","13":"tag-artsanddesign","14":"tag-design","15":"tag-entertainment","16":"tag-entretenimento","17":"tag-mundo","18":"tag-picasso","19":"tag-portugal","20":"tag-pt"},"share_on_mastodon":{"url":"https:\/\/pubeurope.com\/@pt\/115439834445183299","error":""},"_links":{"self":[{"href":"https:\/\/www.europesays.com\/pt\/wp-json\/wp\/v2\/posts\/126836","targetHints":{"allow":["GET"]}}],"collection":[{"href":"https:\/\/www.europesays.com\/pt\/wp-json\/wp\/v2\/posts"}],"about":[{"href":"https:\/\/www.europesays.com\/pt\/wp-json\/wp\/v2\/types\/post"}],"author":[{"embeddable":true,"href":"https:\/\/www.europesays.com\/pt\/wp-json\/wp\/v2\/users\/2"}],"replies":[{"embeddable":true,"href":"https:\/\/www.europesays.com\/pt\/wp-json\/wp\/v2\/comments?post=126836"}],"version-history":[{"count":0,"href":"https:\/\/www.europesays.com\/pt\/wp-json\/wp\/v2\/posts\/126836\/revisions"}],"wp:featuredmedia":[{"embeddable":true,"href":"https:\/\/www.europesays.com\/pt\/wp-json\/wp\/v2\/media\/126837"}],"wp:attachment":[{"href":"https:\/\/www.europesays.com\/pt\/wp-json\/wp\/v2\/media?parent=126836"}],"wp:term":[{"taxonomy":"category","embeddable":true,"href":"https:\/\/www.europesays.com\/pt\/wp-json\/wp\/v2\/categories?post=126836"},{"taxonomy":"post_tag","embeddable":true,"href":"https:\/\/www.europesays.com\/pt\/wp-json\/wp\/v2\/tags?post=126836"}],"curies":[{"name":"wp","href":"https:\/\/api.w.org\/{rel}","templated":true}]}}