{"id":126838,"date":"2025-10-26T09:48:10","date_gmt":"2025-10-26T09:48:10","guid":{"rendered":"https:\/\/www.europesays.com\/pt\/126838\/"},"modified":"2025-10-26T09:48:10","modified_gmt":"2025-10-26T09:48:10","slug":"ando-meio-desaparecida-o-motivo-comovente-por-tras-do-silencio-de-rosa-bela-novelas","status":"publish","type":"post","link":"https:\/\/www.europesays.com\/pt\/126838\/","title":{"rendered":"\u201cAndo meio desaparecida\u201d: o motivo comovente por tr\u00e1s do &#8216;sil\u00eancio&#8217; de Rosa Bela &#8211; Novelas"},"content":{"rendered":"<p data-end=\"425\" data-start=\"0\">A atriz<a href=\"https:\/\/tvi.iol.pt\/novelas\/rosa-bela\/carlos-areia\/rosa-bela-partilha-historia-comovente-foi-encontrado-magrinho-ao-abandono\" rel=\"nofollow noopener\" target=\"_blank\"> <strong data-end=\"21\" data-start=\"8\">Rosa Bela<\/strong><\/a>, mulher do tamb\u00e9m ator <strong data-end=\"61\" data-start=\"45\">Carlos Areia<\/strong>, partilhou nas redes sociais uma reflex\u00e3o profunda e inspiradora sobre a import\u00e2ncia de <strong data-end=\"170\" data-start=\"150\">seguir os sonhos<\/strong>, mesmo quando o caminho parece dif\u00edcil. Conhecida pela sua determina\u00e7\u00e3o e pela forma genu\u00edna como vive a profiss\u00e3o e a vida, a artista emocionou os seguidores ao escrever um texto que mistura gratid\u00e3o, coragem e f\u00e9 no poder das oportunidades que a vida oferece.<\/p>\n<p data-end=\"679\" data-start=\"427\">Numa publica\u00e7\u00e3o acompanhada por uma <strong data-end=\"510\" data-start=\"463\">fotografia sua em palco com a cantora Aurea<\/strong>, Rosa Bela escreveu sobre o significado de estar exatamente onde deve estar \u2014 um lembrete poderoso de que o esfor\u00e7o e a dedica\u00e7\u00e3o acabam sempre por ser recompensados: \u201c<strong>H\u00e1 momentos em que a vida se encarrega de nos lembrar que estamos exatamente onde dev\u00edamos estar. Quando fazemos o que gostamos de verdade, com alma, o universo parece alinhar-se em pequenas coincid\u00eancias, em encontros improv\u00e1veis, em portas que se abrem sem esfor\u00e7o.\u201d<\/strong><\/p>\n<p data-end=\"1297\" data-start=\"956\">Com estas palavras, a atriz destacou a <strong data-end=\"1049\" data-start=\"995\">import\u00e2ncia de persistir e trabalhar todos os dias<\/strong> naquilo em que acreditamos, mesmo quando o caminho \u00e9 incerto. Para Rosa Bela, <strong data-end=\"1208\" data-start=\"1128\">ser feliz a fazer o que se ama \u00e9 um privil\u00e9gio, mas tamb\u00e9m um ato de coragem<\/strong>, pois exige enfrentar o desconhecido e confiar que o universo se encarregar\u00e1 do resto. <strong>\u201cSer feliz a fazer o que se ama \u00e9 um privil\u00e9gio, mas tamb\u00e9m um ato de coragem, a coragem de escolher o caminho que faz sentido, mesmo quando parece o mais incerto. E quando somos recebidos por pessoas maravilhosas, que nos acolhem com entusiasmo, que acreditam em n\u00f3s mais do que n\u00f3s pr\u00f3prios, tudo se torna ainda mais bonito.\u201d<\/strong><\/p>\n<blockquote class=\"instagram-media\" data-instgrm-captioned=\"\" data-instgrm-permalink=\"https:\/\/www.instagram.com\/p\/DQKUNhyDDC-\/?utm_source=ig_embed&amp;utm_campaign=loading\" data-instgrm-version=\"14\" style=\" background:#FFF; border:0; border-radius:3px; box-shadow:0 0 1px 0 rgba(0,0,0,0.5),0 1px 10px 0 rgba(0,0,0,0.15); margin: 1px; max-width:540px; min-width:326px; padding:0; width:99.375%; width:-webkit-calc(100% - 2px); width:calc(100% - 2px);\">\n<\/blockquote>\n<p data-end=\"1780\" data-start=\"1632\">A artista confessou ainda que as <strong data-end=\"1717\" data-start=\"1665\">melhores surpresas chegam quando menos se espera<\/strong>, e que h\u00e1 um sentido maior que se revela apenas com o tempo: \u201cA vida surpreende quando chegam propostas inesperadas, oportunidades que aparecem do nada e, de repente, percebemos que fazem todo o sentido. E confirmamos: a vida presta, e muito!\u201d<\/p>\n<p data-end=\"2069\" data-start=\"1970\">Por fim, agradeceu o carinho dos f\u00e3s e explicou o motivo de estar mais ausente das redes sociais: \u201cObrigada pelo carinho que tenho recebido por aqui! Ando meio desaparecida, porque por vezes precisamos de viver por inteiro as oportunidades que nos chegam. E quando digo viver \u00e9 viver de verdade, viver a realidade. Vivam!\u201d<\/p>\n<p data-end=\"2396\" data-start=\"2300\">A publica\u00e7\u00e3o rapidamente encheu-se de coment\u00e1rios carinhosos. Entre as mensagens, destacam-se: \u201cQue sorte a minha de ter vivido um bocadinho na tua vida \u2764\ufe0f e gosto tanto de ti\u201d, escreveu uma seguidora. \u201cRosinha linda&#8230; mereces tudo.\u201d \u201cRosa \ud83c\udf39 tu \u00e9s extraordin\u00e1ria. Parab\u00e9ns pelas iniciativas que tens feito \u2611\ufe0f parab\u00e9ns.\u201d<\/p>\n<p>Recentemente, Rosa Bela esteve no canal\u00a0<a href=\"https:\/\/tvi.iol.pt\/vmais\/\" wbo-id=\"51\" rel=\"nofollow noopener\" target=\"_blank\">V+<\/a>, \u00e0 conversa com Ana Rita Clara, onde recordou os tempos de quando chegou a Lisboa:<\/p>\n<p data-end=\"2834\" data-is-last-node=\"\" data-is-only-node=\"\" data-start=\"2637\">Com esta partilha, <strong data-end=\"2729\" data-start=\"2656\">Rosa Bela mostrou, mais uma vez, a sua sensibilidade e for\u00e7a interior<\/strong>, inspirando quem a segue a n\u00e3o desistir dos seus sonhos e a acreditar que, no fim, <strong data-end=\"2833\" data-start=\"2813\">tudo faz sentido<\/strong>.<\/p>\n<p>                        <script async src=\"\/\/www.instagram.com\/embed.js\"><\/script><\/p>\n","protected":false},"excerpt":{"rendered":"A atriz Rosa Bela, mulher do tamb\u00e9m ator Carlos Areia, partilhou nas redes sociais uma reflex\u00e3o profunda e&hellip;\n","protected":false},"author":2,"featured_media":126839,"comment_status":"","ping_status":"","sticky":false,"template":"","format":"standard","meta":{"footnotes":""},"categories":[142],"tags":[2642,160,2657,166,114,115,157,167,164,11609,161,158,165,159,32,33,156,2656,23816,163,151,162],"class_list":{"0":"post-126838","1":"post","2":"type-post","3":"status-publish","4":"format-standard","5":"has-post-thumbnail","7":"category-tv","8":"tag-amor","9":"tag-ana-guiomar","10":"tag-carlos-areia","11":"tag-cristina-ferreira","12":"tag-entertainment","13":"tag-entretenimento","14":"tag-festa-e-festa","15":"tag-ficcao","16":"tag-jose-fidalgo","17":"tag-luta","18":"tag-novelas","19":"tag-para-sempre","20":"tag-pedro-sousa","21":"tag-pedro-teixeira","22":"tag-portugal","23":"tag-pt","24":"tag-queridos-papas","25":"tag-rosa-bela","26":"tag-sonhos","27":"tag-tiago-teotonio-pereira","28":"tag-tv","29":"tag-tvi"},"share_on_mastodon":{"url":"https:\/\/pubeurope.com\/@pt\/115439842280055197","error":""},"_links":{"self":[{"href":"https:\/\/www.europesays.com\/pt\/wp-json\/wp\/v2\/posts\/126838","targetHints":{"allow":["GET"]}}],"collection":[{"href":"https:\/\/www.europesays.com\/pt\/wp-json\/wp\/v2\/posts"}],"about":[{"href":"https:\/\/www.europesays.com\/pt\/wp-json\/wp\/v2\/types\/post"}],"author":[{"embeddable":true,"href":"https:\/\/www.europesays.com\/pt\/wp-json\/wp\/v2\/users\/2"}],"replies":[{"embeddable":true,"href":"https:\/\/www.europesays.com\/pt\/wp-json\/wp\/v2\/comments?post=126838"}],"version-history":[{"count":0,"href":"https:\/\/www.europesays.com\/pt\/wp-json\/wp\/v2\/posts\/126838\/revisions"}],"wp:featuredmedia":[{"embeddable":true,"href":"https:\/\/www.europesays.com\/pt\/wp-json\/wp\/v2\/media\/126839"}],"wp:attachment":[{"href":"https:\/\/www.europesays.com\/pt\/wp-json\/wp\/v2\/media?parent=126838"}],"wp:term":[{"taxonomy":"category","embeddable":true,"href":"https:\/\/www.europesays.com\/pt\/wp-json\/wp\/v2\/categories?post=126838"},{"taxonomy":"post_tag","embeddable":true,"href":"https:\/\/www.europesays.com\/pt\/wp-json\/wp\/v2\/tags?post=126838"}],"curies":[{"name":"wp","href":"https:\/\/api.w.org\/{rel}","templated":true}]}}