{"id":126848,"date":"2025-10-26T10:02:08","date_gmt":"2025-10-26T10:02:08","guid":{"rendered":"https:\/\/www.europesays.com\/pt\/126848\/"},"modified":"2025-10-26T10:02:08","modified_gmt":"2025-10-26T10:02:08","slug":"vem-ai-em-terra-forte-maria-de-fatima-enfrenta-o-fantasma-do-passado-flor-esta-viva-novelas","status":"publish","type":"post","link":"https:\/\/www.europesays.com\/pt\/126848\/","title":{"rendered":"Vem a\u00ed em \u00abTerra Forte\u00bb &#8211; Maria de F\u00e1tima enfrenta o fantasma do passado: Flor est\u00e1 viva &#8211; Novelas"},"content":{"rendered":"<p>Em \u00abTerra Forte\u00bb,<a href=\"https:\/\/tvi.iol.pt\/novelas\/videos\/terra-forte-dudu-apresenta-rosinha-a-sammy-e-a-rosa-maria\/68f7b86d0cf29d28d8297a76\" rel=\"nofollow noopener\" target=\"_blank\"> Dudu (Tom\u00e1s Taborda)<\/a> diz a <a href=\"https:\/\/tvi.iol.pt\/novelas\/videos\/terra-forte-foi-dani-a-filha-de-maria-de-fatima-que-atingiu-a-propria-mae\/68f61cd50cf285ab53a6aaf8\" rel=\"nofollow noopener\" target=\"_blank\">Dani (Camy Ribau)<\/a> que pelo visto <a href=\"https:\/\/tvi.iol.pt\/novelas\/videos\/terra-forte-maria-de-fatima-e-manuel-tinham-um-caso\/68f65cdc0cf29d28d82976cb\" rel=\"nofollow noopener\" target=\"_blank\">Maria de F\u00e1tima (Rita Pereira) <\/a>se apropriou da vida de <a href=\"https:\/\/tvi.iol.pt\/novelas\/videos\/terra-forte-no-dia-do-seu-aniversario-flor-recebe-uma-visita-inesperada\/68f65c7a0cf29d28d82976c8\" rel=\"nofollow noopener\" target=\"_blank\">Flor (Benedita Pereira)<\/a>, ficando at\u00e9 com o noivo dela. Desliga a dizer \u00e0 irm\u00e3 que a m\u00e3e lhe est\u00e1 a ligar. Maria de F\u00e1tima fica apreensiva por Dudu lhe dizer ter algo bomb\u00e1stico para lhe contar. Dudu diz \u00e0 m\u00e3e que \u00e9 melhor ela ver com os seus pr\u00f3prios olhos, enviando-lhe uma fotografia. Maria de F\u00e1tima estaca em choque ao ver Flor na fotografia.<\/p>\n<p>Maria de F\u00e1tima disfar\u00e7a a sua f\u00faria por Dudu lhe dizer que <a href=\"https:\/\/tvi.iol.pt\/novelas\/fotos\/vem-ai-em-terra-forte-em-lagrimas-e-rejeitada-rosa-maria-deixa-flor-para-tras\/68f64dafd34e58bc6797196e\" rel=\"nofollow noopener\" target=\"_blank\">Rosa Maria (Cust\u00f3dia Gallego)\u00a0<\/a>disse que Flor \u00e9 que era a sua verdadeira herdeira e n\u00e3o ela. Dudu pica a m\u00e3e a dizer que a av\u00f3 est\u00e1 certa e ela ter\u00e1 de dividir a A\u00e7oreana com ela.<\/p>\n<p>Maria de F\u00e1tima repreende Dudu por estar a acus\u00e1-la de querer ficar com tudo dos Terra Forte quando ele e a irm\u00e3 puderam ter uma vida boa gra\u00e7as a ela. Estaca em choque por Dudu dizer j\u00e1 saber que ela era filha de uma empregada e foi adotada j\u00e1 com vinte anos. Maria de F\u00e1tima recusa-se a responder a Dudu a question\u00e1-la por que escondeu tanta coisa do seu passado aos pr\u00f3prios filhos. Fica aflita por Dudu dizer que <a href=\"https:\/\/tvi.iol.pt\/novelas\/videos\/terra-forte-sammy-fica-sem-chao-ao-descobrir-que-flor-e-a-mae-de-rosinha\/68f7b83e0cf29d28d8297a75\" rel=\"nofollow noopener\" target=\"_blank\">Sammy (Jos\u00e9 Fidalgo)<\/a> est\u00e1 a par de tudo e tamb\u00e9m acha que aquela mulher \u00e9 Flor.<\/p>\n<p>Maria de F\u00e1tima desliga o telefone na cara de Dudu, furiosa por ele a acusar de ter roubado o noivo a Flor. Maria de F\u00e1tima desaba a chorar nervosa por Flor continuar t\u00e3o bonita como era h\u00e1 vinte anos, indo ver tudo ruir se ela estiver viva. Moreira entra, olhando preocupado para o estado da patroa.<\/p>\n<p>Recorde o momento em que Maria de F\u00e1tima emocionou-se ao recordar Flor:<\/p>\n<p>\u00a0<\/p>\n","protected":false},"excerpt":{"rendered":"Em \u00abTerra Forte\u00bb, Dudu (Tom\u00e1s Taborda) diz a Dani (Camy Ribau) que pelo visto Maria de F\u00e1tima (Rita&hellip;\n","protected":false},"author":2,"featured_media":126849,"comment_status":"","ping_status":"","sticky":false,"template":"","format":"standard","meta":{"footnotes":""},"categories":[142],"tags":[160,7951,166,7094,114,115,157,167,978,164,8598,161,158,165,159,32,33,156,5871,18614,163,27916,151,162],"class_list":{"0":"post-126848","1":"post","2":"type-post","3":"status-publish","4":"format-standard","5":"has-post-thumbnail","7":"category-tv","8":"tag-ana-guiomar","9":"tag-benedita-pereira","10":"tag-cristina-ferreira","11":"tag-dudu","12":"tag-entertainment","13":"tag-entretenimento","14":"tag-festa-e-festa","15":"tag-ficcao","16":"tag-flor","17":"tag-jose-fidalgo","18":"tag-maria-de-fatima","19":"tag-novelas","20":"tag-para-sempre","21":"tag-pedro-sousa","22":"tag-pedro-teixeira","23":"tag-portugal","24":"tag-pt","25":"tag-queridos-papas","26":"tag-rita-pereira","27":"tag-terra-forte","28":"tag-tiago-teotonio-pereira","29":"tag-tomas-taborda","30":"tag-tv","31":"tag-tvi"},"share_on_mastodon":{"url":"https:\/\/pubeurope.com\/@pt\/115439897363170808","error":""},"_links":{"self":[{"href":"https:\/\/www.europesays.com\/pt\/wp-json\/wp\/v2\/posts\/126848","targetHints":{"allow":["GET"]}}],"collection":[{"href":"https:\/\/www.europesays.com\/pt\/wp-json\/wp\/v2\/posts"}],"about":[{"href":"https:\/\/www.europesays.com\/pt\/wp-json\/wp\/v2\/types\/post"}],"author":[{"embeddable":true,"href":"https:\/\/www.europesays.com\/pt\/wp-json\/wp\/v2\/users\/2"}],"replies":[{"embeddable":true,"href":"https:\/\/www.europesays.com\/pt\/wp-json\/wp\/v2\/comments?post=126848"}],"version-history":[{"count":0,"href":"https:\/\/www.europesays.com\/pt\/wp-json\/wp\/v2\/posts\/126848\/revisions"}],"wp:featuredmedia":[{"embeddable":true,"href":"https:\/\/www.europesays.com\/pt\/wp-json\/wp\/v2\/media\/126849"}],"wp:attachment":[{"href":"https:\/\/www.europesays.com\/pt\/wp-json\/wp\/v2\/media?parent=126848"}],"wp:term":[{"taxonomy":"category","embeddable":true,"href":"https:\/\/www.europesays.com\/pt\/wp-json\/wp\/v2\/categories?post=126848"},{"taxonomy":"post_tag","embeddable":true,"href":"https:\/\/www.europesays.com\/pt\/wp-json\/wp\/v2\/tags?post=126848"}],"curies":[{"name":"wp","href":"https:\/\/api.w.org\/{rel}","templated":true}]}}