{"id":126860,"date":"2025-10-26T10:13:09","date_gmt":"2025-10-26T10:13:09","guid":{"rendered":"https:\/\/www.europesays.com\/pt\/126860\/"},"modified":"2025-10-26T10:13:09","modified_gmt":"2025-10-26T10:13:09","slug":"apos-praia-bruna-marquezine-e-joao-guilherme-vao-a-loja-de-produtos-para-casa-no-rio-fotos","status":"publish","type":"post","link":"https:\/\/www.europesays.com\/pt\/126860\/","title":{"rendered":"Ap\u00f3s praia, Bruna Marquezine e Jo\u00e3o Guilherme v\u00e3o a loja de produtos para casa no Rio; fotos"},"content":{"rendered":"\n<p class=\" content-text__container theme-color-primary-first-letter\" data-track-category=\"Link no Texto\" data-track-links=\"\"> Os atores <a class=\"\" href=\"https:\/\/revistaquem.globo.com\/famoso\/bruna-marquezine\/\" rel=\"nofollow noopener\" target=\"_blank\">Bruna Marquezine<\/a>, de 30 anos de idade, e <a class=\"\" href=\"https:\/\/revistaquem.globo.com\/famoso\/joao-guilherme\/\" rel=\"nofollow noopener\" target=\"_blank\">Jo\u00e3o Guilherme<\/a>, de 23 anos, que mais cedo <a class=\"\" href=\"https:\/\/revistaquem.globo.com\/noticias\/famosos-na-praia\/noticia\/2025\/10\/bruna-marquezine-e-joao-guilherme-curtem-praia-no-rio.ghtml\" rel=\"nofollow noopener\" target=\"_blank\">curtiram uma praia juntos no Rio de Janeiro<\/a>, foram clicados novamente juntos, na tarde deste s\u00e1bado (25), ao ir \u00e0s compras em uma loja de produtos para o lar no bairro do Leblon, na zona sul da cidade. Os dois, que est\u00e3o em meio a rumores de reconcilia\u00e7\u00e3o, estavam com amigos. <\/p>\n","protected":false},"excerpt":{"rendered":"Os atores Bruna Marquezine, de 30 anos de idade, e Jo\u00e3o Guilherme, de 23 anos, que mais cedo&hellip;\n","protected":false},"author":2,"featured_media":126861,"comment_status":"","ping_status":"","sticky":false,"template":"","format":"standard","meta":{"footnotes":""},"categories":[145],"tags":[3863,211,210,114,115,4367,32,33],"class_list":{"0":"post-126860","1":"post","2":"type-post","3":"status-publish","4":"format-standard","5":"has-post-thumbnail","7":"category-celebridades","8":"tag-bruna-marquezine","9":"tag-celebridades","10":"tag-celebrities","11":"tag-entertainment","12":"tag-entretenimento","13":"tag-joao-guilherme","14":"tag-portugal","15":"tag-pt"},"share_on_mastodon":{"url":"https:\/\/pubeurope.com\/@pt\/115439940638194226","error":""},"_links":{"self":[{"href":"https:\/\/www.europesays.com\/pt\/wp-json\/wp\/v2\/posts\/126860","targetHints":{"allow":["GET"]}}],"collection":[{"href":"https:\/\/www.europesays.com\/pt\/wp-json\/wp\/v2\/posts"}],"about":[{"href":"https:\/\/www.europesays.com\/pt\/wp-json\/wp\/v2\/types\/post"}],"author":[{"embeddable":true,"href":"https:\/\/www.europesays.com\/pt\/wp-json\/wp\/v2\/users\/2"}],"replies":[{"embeddable":true,"href":"https:\/\/www.europesays.com\/pt\/wp-json\/wp\/v2\/comments?post=126860"}],"version-history":[{"count":0,"href":"https:\/\/www.europesays.com\/pt\/wp-json\/wp\/v2\/posts\/126860\/revisions"}],"wp:featuredmedia":[{"embeddable":true,"href":"https:\/\/www.europesays.com\/pt\/wp-json\/wp\/v2\/media\/126861"}],"wp:attachment":[{"href":"https:\/\/www.europesays.com\/pt\/wp-json\/wp\/v2\/media?parent=126860"}],"wp:term":[{"taxonomy":"category","embeddable":true,"href":"https:\/\/www.europesays.com\/pt\/wp-json\/wp\/v2\/categories?post=126860"},{"taxonomy":"post_tag","embeddable":true,"href":"https:\/\/www.europesays.com\/pt\/wp-json\/wp\/v2\/tags?post=126860"}],"curies":[{"name":"wp","href":"https:\/\/api.w.org\/{rel}","templated":true}]}}