{"id":126876,"date":"2025-10-26T10:26:30","date_gmt":"2025-10-26T10:26:30","guid":{"rendered":"https:\/\/www.europesays.com\/pt\/126876\/"},"modified":"2025-10-26T10:26:30","modified_gmt":"2025-10-26T10:26:30","slug":"mortagua-sai-jose-manuel-pureza-pode-vir-a-ser-candidato-observador","status":"publish","type":"post","link":"https:\/\/www.europesays.com\/pt\/126876\/","title":{"rendered":"Mort\u00e1gua sai, Jos\u00e9 Manuel Pureza pode vir a ser candidato \u2013 Observador"},"content":{"rendered":"<p>Jos\u00e9 Manuel Pureza pode vir a ser candidato \u00e0 lideran\u00e7a do Bloco de Esquerda. Antigo deputado e candidato \u00e0 C\u00e2mara de Coimbra nas \u00faltimas aut\u00e1rquicas, \u00e9 uma das figuras mais respeitadas do partido. Foi deputado entre 2009 e 2011 e de 2015 a 2022. Liderou o grupo parlamentar e chegou tamb\u00e9m a ser vice-presidente do Parlamento. Cat\u00f3lico assumido, foi um dos protagonistas na luta pela despenaliza\u00e7\u00e3o da morte medicamente assistida.<\/p>\n<p>Numa nota enviada \u00e0 Ag\u00eancia Lusa, Jos\u00e9 Manuel Pureza disse estar confiante de que ser\u00e1 poss\u00edvel encontrar uma solu\u00e7\u00e3o que \u201cd\u00ea for\u00e7a\u201d ao partido, rejeitando, para j\u00e1, qualquer tipo de \u201cprecipita\u00e7\u00e3o\u201d. \u201cNo Bloco, cada mo\u00e7\u00e3o apresentar\u00e1 \u00e0 Conven\u00e7\u00e3o Nacional a sua proposta de orienta\u00e7\u00e3o pol\u00edtica e a sua solu\u00e7\u00e3o de dire\u00e7\u00e3o. H\u00e1, na mo\u00e7\u00e3o que subscrevo, v\u00e1rias pessoas com grande capacidade para coordenar o Bloco\u201d, sublinha. .<\/p>\n<p>\u201cEstou empenhado nela exatamente da mesma forma que todos os meus camaradas. Nem mais nem menos. Estou certo de que saberemos encontrar na pr\u00f3xima Conven\u00e7\u00e3o do Bloco uma solu\u00e7\u00e3o que d\u00ea for\u00e7a ao Bloco. At\u00e9 l\u00e1, todos os cen\u00e1rios s\u00e3o precipitados\u201d, remata Pureza na mesma nota.<\/p>\n<p>Mariana Mort\u00e1gua, coordenadora do Bloco de Esquerda anunciou neste s\u00e1bado que n\u00e3o se ir\u00e1 recandidatar ao cargo de coordenadora do partido que tem conven\u00e7\u00e3o nacional no final de novembro. Em confer\u00eancia de imprensa, a pr\u00f3pria confirmou publicamente que deixar\u00e1 a lideran\u00e7a dos bloquistas j\u00e1 depois de ter enviado uma mensagem aos militantes do partido onde explicava os seus motivos.<\/p>\n<p>\u201cTomo esta decis\u00e3o porque considero que o Bloco pode beneficiar de ter outras pessoas e outras vozes. \u00c9 uma decis\u00e3o pessoal. A decis\u00e3o sobre o futuro do Bloco \u00e9 uma decis\u00e3o coletiva que acontecer\u00e1 na pr\u00f3xima Conven\u00e7\u00e3o\u201d, afirmou a bloquista aos jornalistas. Mariana Mort\u00e1gua anuncia ainda que vai deixar o Parlamento assim que terminar o processo or\u00e7amental.<\/p>\n<p>Em confer\u00eancia de imprensa, Mariana Mort\u00e1gua explicou que come\u00e7ou a ponderar a sa\u00edda depois das \u00faltimas elei\u00e7\u00f5es aut\u00e1rquicas e que s\u00f3 n\u00e3o o anunciou mais cedo porque, justificou, \u201cseria irrespons\u00e1vel tomar uma decis\u00e3o irrefletida e deixar o Bloco numa situa\u00e7\u00e3o de vazio para uma conven\u00e7\u00e3o que estava marcada para novembro\u201d.<\/p>\n<p>A terminar, a bloquista garantiu que vai continuar a ajudar a \u201cconstruir a esquerda\u201d. \u201cQuero fazer pol\u00edtica, lutar pelo meu pa\u00eds, pelo meu povo. Continuarei a fazer pol\u00edtica e continuarei a fazer pol\u00edtica dentro do Bloco de Esquerda. N\u00e3o como coordenadora, nem como deputada\u201d, sublinhou a bloquista.<\/p>\n<p>Antes, numa mensagem enviada aos militantes Mort\u00e1gua escreveu: \u201cTomo esta decis\u00e3o com a tranquilidade que me deu o constante apoio de todos os meus camaradas ao longo de todo este tempo. Fa\u00e7o-o por acreditar que o Bloco beneficiar\u00e1 de ter, na coordena\u00e7\u00e3o e no parlamento, pessoas com melhores condi\u00e7\u00f5es do que aquelas que hoje tenho para dar voz ao partido\u201d.<\/p>\n<p>\u201cCaber\u00e1 a cada uma das mo\u00e7\u00f5es presentes \u00e0 pr\u00f3xima Conven\u00e7\u00e3o apresentar as suas alternativas de dire\u00e7\u00e3o\u201d, afirma a ainda coordenadora do partido que tem conven\u00e7\u00e3o nacional no final de novembro. \u201cA pluralidade refor\u00e7a-nos.\u201d<\/p>\n<p>Mariana Mort\u00e1gua assume que \u201cn\u00e3o foi cumprido\u201d o objetivo de, ap\u00f3s o \u201ccolapso da maioria absoluta do PS e com o refor\u00e7o da direita e da extrema-direita\u201d, \u201cencontrar outros caminhos\u201d.<\/p>\n<p>Esse objetivo n\u00e3o foi cumprido, considera a deputada, \u201cn\u00e3o apenas porque continuou a redu\u00e7\u00e3o do espa\u00e7o eleitoral do Bloco, mas tamb\u00e9m porque a renova\u00e7\u00e3o que ent\u00e3o fizemos n\u00e3o se revelou suficiente para relan\u00e7ar a nossa interven\u00e7\u00e3o social\u201d.<\/p>\n<p>Parte do problema, acrescenta, est\u00e1 no facto de ter havido, \u201cnestes dois anos e meio, uma precipita\u00e7\u00e3o de sucessivas campanhas eleitorais [que] tirou espa\u00e7o e tempo \u00e0 reflex\u00e3o interna e prejudicou uma transforma\u00e7\u00e3o efetiva do funcionamento do Bloco\u201d.<\/p>\n<p>Manifestando-se dispon\u00edvel para continuar parte do \u201ccaminho\u201d do partido, algo que j\u00e1 faz h\u00e1 20 anos. \u201cN\u00e3o temos medo e venceremos os novos fascistas e toda a opress\u00e3o com a for\u00e7a da ideia socialista\u201d, promete.<\/p>\n<p><a href=\"https:\/\/observador.pt\/programas\/emissao-especial\/mariana-mortagua-decisao-foi-pessoal-be-beneficia-ao-ter-outras-vozes\/\" rel=\"nofollow noopener\" target=\"_blank\">Ou\u00e7a aqui a confer\u00eancia de imprensa de Mariana Mort\u00e1gua<\/a><\/p>\n<blockquote class=\"wp-embedded-content\" data-secret=\"3WEt8sihrF\">\n<p><a href=\"https:\/\/observador.pt\/programas\/emissao-especial\/mariana-mortagua-decisao-foi-pessoal-be-beneficia-ao-ter-outras-vozes\/\" rel=\"nofollow noopener\" target=\"_blank\">Mariana Mort\u00e1gua: \u201cDecis\u00e3o foi pessoal. BE beneficia ao ter outras vozes\u201d<\/a><\/p>\n<\/blockquote>\n<p><strong>A mensagem de Mariana Mort\u00e1gua, na \u00edntegra:<\/strong><\/p>\n<p>Camarada,<\/p>\n<p>H\u00e1 dois anos e meio, quando decidi candidatar-me \u00e0 coordena\u00e7\u00e3o do Bloco de Esquerda, conhecia as dif\u00edceis condi\u00e7\u00f5es pol\u00edticas da esquerda e do nosso partido. Depois do colapso da maioria absoluta do PS e com o refor\u00e7o da direita e da extrema-direita era preciso encontrar outros caminhos.<\/p>\n<p>Considero que esse objetivo n\u00e3o foi cumprido. N\u00e3o apenas porque continuou a redu\u00e7\u00e3o do espa\u00e7o eleitoral do Bloco, mas tamb\u00e9m porque a renova\u00e7\u00e3o que ent\u00e3o fizemos n\u00e3o se revelou suficiente para relan\u00e7ar a nossa interven\u00e7\u00e3o social.<\/p>\n<p>A pol\u00edtica, como a vida, somos n\u00f3s e as nossas circunst\u00e2ncias. Nestes dois anos e meio, a precipita\u00e7\u00e3o de sucessivas campanhas eleitorais tirou espa\u00e7o e tempo \u00e0 nossa reflex\u00e3o interna e prejudicou uma transforma\u00e7\u00e3o efetiva do funcionamento do Bloco. A dire\u00e7\u00e3o por mim encabe\u00e7ada foi incapaz de inverter a excessiva centraliza\u00e7\u00e3o da estrutura do Bloco e gerar um novo impulso pol\u00edtico e eleitoral. Bem sabemos das empenhadas campanhas de \u00f3dio dos nossos advers\u00e1rios, mas o certo \u00e9 que n\u00e3o conseguimos neutraliz\u00e1-las.<\/p>\n<p>Face a este balan\u00e7o e agora que termino o mandato que me foi conferido na \u00faltima Conven\u00e7\u00e3o, comunico-vos que decidi n\u00e3o me candidatar a um novo mandato de coordenadora do Bloco de Esquerda. Tomo esta decis\u00e3o com a tranquilidade que me deu o constante apoio de todos os meus camaradas ao longo de todo este tempo. Fa\u00e7o-o por acreditar que o Bloco beneficiar\u00e1 de ter, na coordena\u00e7\u00e3o e no parlamento, pessoas com melhores condi\u00e7\u00f5es do que aquelas que hoje tenho para dar voz ao partido. Caber\u00e1 a cada uma das mo\u00e7\u00f5es presentes \u00e0 pr\u00f3xima Conven\u00e7\u00e3o apresentar as suas alternativas de dire\u00e7\u00e3o. A pluralidade refor\u00e7a-nos.<\/p>\n<p>A esquerda em geral \u2013 e o Bloco em particular \u2013 atravessa um per\u00edodo dif\u00edcil e n\u00e3o \u00e9 s\u00f3 no nosso pa\u00eds. No Bloco, temos orgulho em juntar diferentes gera\u00e7\u00f5es, experi\u00eancias e sensibilidades que s\u00e3o parte essencial da luta popular em Portugal, nos combates do trabalho, da casa, contra as guerras e pela autodetermina\u00e7\u00e3o dos povos do mundo.<\/p>\n<p>Estes s\u00e3o os tempos que nos toca viver e o Bloco tem a hist\u00f3ria, as ideias, a coer\u00eancia e a milit\u00e2ncia para os enfrentar e para surpreender mais uma vez quem se assanha para nos atacar. N\u00e3o temos medo e venceremos os novos fascistas e toda a opress\u00e3o com a for\u00e7a da ideia socialista. Serei parte desse caminho, como sou h\u00e1 quase vinte anos. Confio neste partido, na gente que o faz. Conta comigo.<\/p>\n<p>Um abra\u00e7o,<br \/>Mariana<\/p>\n<p>                    <strong>Tem um minuto?<\/strong><br \/>O Observador est\u00e1 a realizar junto dos seus leitores um curto estudo de apenas quatro perguntas. <a href=\"https:\/\/observador.typeform.com\/to\/DnJJ0FZQ\" target=\"_blank\" style=\"text-decoration: underline; color:#262626;\" rel=\"nofollow noopener\">Responda aqui<\/a>.<\/p>\n","protected":false},"excerpt":{"rendered":"Jos\u00e9 Manuel Pureza pode vir a ser candidato \u00e0 lideran\u00e7a do Bloco de Esquerda. Antigo deputado e candidato&hellip;\n","protected":false},"author":2,"featured_media":126877,"comment_status":"","ping_status":"","sticky":false,"template":"","format":"standard","meta":{"footnotes":""},"categories":[8],"tags":[454,27,28,15,16,14,25,26,21,22,12,13,19,20,302,32,23,24,33,17,18,29,30,31],"class_list":{"0":"post-126876","1":"post","2":"type-post","3":"status-publish","4":"format-standard","5":"has-post-thumbnail","7":"category-principais-noticias","8":"tag-bloco-de-esquerda","9":"tag-breaking-news","10":"tag-breakingnews","11":"tag-featured-news","12":"tag-featurednews","13":"tag-headlines","14":"tag-latest-news","15":"tag-latestnews","16":"tag-main-news","17":"tag-mainnews","18":"tag-news","19":"tag-noticias","20":"tag-noticias-principais","21":"tag-noticiasprincipais","22":"tag-polu00edtica","23":"tag-portugal","24":"tag-principais-noticias","25":"tag-principaisnoticias","26":"tag-pt","27":"tag-top-stories","28":"tag-topstories","29":"tag-ultimas","30":"tag-ultimas-noticias","31":"tag-ultimasnoticias"},"share_on_mastodon":{"url":"https:\/\/pubeurope.com\/@pt\/115439991853974092","error":""},"_links":{"self":[{"href":"https:\/\/www.europesays.com\/pt\/wp-json\/wp\/v2\/posts\/126876","targetHints":{"allow":["GET"]}}],"collection":[{"href":"https:\/\/www.europesays.com\/pt\/wp-json\/wp\/v2\/posts"}],"about":[{"href":"https:\/\/www.europesays.com\/pt\/wp-json\/wp\/v2\/types\/post"}],"author":[{"embeddable":true,"href":"https:\/\/www.europesays.com\/pt\/wp-json\/wp\/v2\/users\/2"}],"replies":[{"embeddable":true,"href":"https:\/\/www.europesays.com\/pt\/wp-json\/wp\/v2\/comments?post=126876"}],"version-history":[{"count":0,"href":"https:\/\/www.europesays.com\/pt\/wp-json\/wp\/v2\/posts\/126876\/revisions"}],"wp:featuredmedia":[{"embeddable":true,"href":"https:\/\/www.europesays.com\/pt\/wp-json\/wp\/v2\/media\/126877"}],"wp:attachment":[{"href":"https:\/\/www.europesays.com\/pt\/wp-json\/wp\/v2\/media?parent=126876"}],"wp:term":[{"taxonomy":"category","embeddable":true,"href":"https:\/\/www.europesays.com\/pt\/wp-json\/wp\/v2\/categories?post=126876"},{"taxonomy":"post_tag","embeddable":true,"href":"https:\/\/www.europesays.com\/pt\/wp-json\/wp\/v2\/tags?post=126876"}],"curies":[{"name":"wp","href":"https:\/\/api.w.org\/{rel}","templated":true}]}}