{"id":126915,"date":"2025-10-26T11:06:34","date_gmt":"2025-10-26T11:06:34","guid":{"rendered":"https:\/\/www.europesays.com\/pt\/126915\/"},"modified":"2025-10-26T11:06:34","modified_gmt":"2025-10-26T11:06:34","slug":"vou-tentar-ajudar-jose-mourinho","status":"publish","type":"post","link":"https:\/\/www.europesays.com\/pt\/126915\/","title":{"rendered":"\u00abVou tentar ajudar Jos\u00e9 Mourinho\u00bb"},"content":{"rendered":"<p>&#8211; Advertisement &#8211;<\/p>\n<p><strong>Julen Guerrero vai ser o diretor de forma\u00e7\u00e3o do Benfica, caso Jo\u00e3o Diogo Manteigas ven\u00e7a as elei\u00e7\u00f5es marcadas para este s\u00e1bado.<\/strong><\/p>\n<p>Julen Guerrero deu uma entrevista ao jornal Marca, onde falou sobre o Benfica. O antigo internacional espanhol \u00e9 o eleito de <a href=\"https:\/\/bolanarede.pt\/etiqueta\/joao-diogo-manteigas\/\" target=\"_blank\" rel=\"noreferrer noopener nofollow\">Jo\u00e3o Diogo Manteigas<\/a> para o posto de diretor de forma\u00e7\u00e3o, caso ven\u00e7a as elei\u00e7\u00f5es dos encarnados:<\/p>\n<p>\u00ab\u00c9 uma daquelas equipas de jovens que se tende a marcar. T\u00eam sempre bons jogadores, com proje\u00e7\u00e3o, que sobem \u00e0 equipa principal. Quando estava na Federa\u00e7\u00e3o e jogava contra Portugal, ficava sempre impressionado com o n\u00famero de jogadores do Benfica. Penso que \u00e9 uma oportunidade muito boa unir a hist\u00f3ria, a grandeza e a paix\u00e3o com que se vive o futebol no Benfica com a minha carreira no Athletic e na sele\u00e7\u00e3o nacional. \u00c9 algo que me motiva muito\u00bb.<\/p>\n<p>O espanhol falou sobre Jos\u00e9 Mourinho:<\/p>\n<p>\u00abAcabou de chegar, tem um contrato e esperamos que possa utilizar todos os seus conhecimentos para ajudar a equipa a manter-se o mais alto poss\u00edvel esta \u00e9poca. Desde que chegou, transmitiu essa vontade. Vou tentar ajud\u00e1-lo, para que, se tiver de trazer um jogador da forma\u00e7\u00e3o para a equipa principal, esse jogador esteja pronto. Queremos ajud\u00e1-lo e queremos que ele nos ajude. Tamb\u00e9m podemos aprender muitas coisas com ele\u00bb.<\/p>\n<p>Julen Guerrero admitiu que Jos\u00e9 Mourinho vai continuar como treinador do Benfica:<\/p>\n<p>\u00abSim, claro, neste momento penso que, se entr\u00e1ssemos, a mensagem seria de uni\u00e3o e de entreajuda. A \u00e9poca j\u00e1 est\u00e1 a decorrer e h\u00e1 objectivos a atingir no clube. Tentar\u00edamos ajud\u00e1-lo desde o primeiro dia em tudo o que ele precisasse\u00bb.<\/p>\n","protected":false},"excerpt":{"rendered":"&#8211; Advertisement &#8211; Julen Guerrero vai ser o diretor de forma\u00e7\u00e3o do Benfica, caso Jo\u00e3o Diogo Manteigas ven\u00e7a&hellip;\n","protected":false},"author":2,"featured_media":126916,"comment_status":"","ping_status":"","sticky":false,"template":"","format":"standard","meta":{"footnotes":""},"categories":[87],"tags":[260,135,29045,32,33,134],"class_list":{"0":"post-126915","1":"post","2":"type-post","3":"status-publish","4":"format-standard","5":"has-post-thumbnail","7":"category-desporto","8":"tag-atualidade","9":"tag-desporto","10":"tag-julen-guerrero","11":"tag-portugal","12":"tag-pt","13":"tag-sports"},"share_on_mastodon":{"url":"https:\/\/pubeurope.com\/@pt\/115440149187773283","error":""},"_links":{"self":[{"href":"https:\/\/www.europesays.com\/pt\/wp-json\/wp\/v2\/posts\/126915","targetHints":{"allow":["GET"]}}],"collection":[{"href":"https:\/\/www.europesays.com\/pt\/wp-json\/wp\/v2\/posts"}],"about":[{"href":"https:\/\/www.europesays.com\/pt\/wp-json\/wp\/v2\/types\/post"}],"author":[{"embeddable":true,"href":"https:\/\/www.europesays.com\/pt\/wp-json\/wp\/v2\/users\/2"}],"replies":[{"embeddable":true,"href":"https:\/\/www.europesays.com\/pt\/wp-json\/wp\/v2\/comments?post=126915"}],"version-history":[{"count":0,"href":"https:\/\/www.europesays.com\/pt\/wp-json\/wp\/v2\/posts\/126915\/revisions"}],"wp:featuredmedia":[{"embeddable":true,"href":"https:\/\/www.europesays.com\/pt\/wp-json\/wp\/v2\/media\/126916"}],"wp:attachment":[{"href":"https:\/\/www.europesays.com\/pt\/wp-json\/wp\/v2\/media?parent=126915"}],"wp:term":[{"taxonomy":"category","embeddable":true,"href":"https:\/\/www.europesays.com\/pt\/wp-json\/wp\/v2\/categories?post=126915"},{"taxonomy":"post_tag","embeddable":true,"href":"https:\/\/www.europesays.com\/pt\/wp-json\/wp\/v2\/tags?post=126915"}],"curies":[{"name":"wp","href":"https:\/\/api.w.org\/{rel}","templated":true}]}}