{"id":126925,"date":"2025-10-26T11:11:08","date_gmt":"2025-10-26T11:11:08","guid":{"rendered":"https:\/\/www.europesays.com\/pt\/126925\/"},"modified":"2025-10-26T11:11:08","modified_gmt":"2025-10-26T11:11:08","slug":"policia-francesa-faz-detencao-relacionada-com-o-roubo-no-louvre-museu-do-louvre","status":"publish","type":"post","link":"https:\/\/www.europesays.com\/pt\/126925\/","title":{"rendered":"Pol\u00edcia francesa faz deten\u00e7\u00e3o relacionada com o roubo no Louvre | Museu do Louvre"},"content":{"rendered":"<p>O assalto de 19 de Outubro<a href=\"https:\/\/www.publico.pt\/museu-do-louvre\" rel=\"nofollow noopener\" target=\"_blank\"> ao Louvre, em Paris<\/a>, do qual resultou o desaparecimento de<a href=\"https:\/\/www.publico.pt\/2025\/10\/20\/culturaipsilon\/noticia\/napoleao-reagan-expo-historia-riqueza-oito-joias-roubadas-louvre-2151473\" rel=\"nofollow noopener\" target=\"_blank\"> oito j\u00f3ias de inestim\u00e1vel valor hist\u00f3rico e art\u00edstico <\/a>pertencentes \u00e0s colec\u00e7\u00f5es reais francesas, colocou um gigantesco foco sobre a seguran\u00e7a deste que \u00e9 o museu mais visitado do mundo, sobre as op\u00e7\u00f5es pol\u00edticas que conduziram \u00e0 actual fragilidade do sistema que protege a sua extraordin\u00e1ria colec\u00e7\u00e3o e sobre as unidades da pol\u00edcia encarregadas da investiga\u00e7\u00e3o: a brigada de repress\u00e3o ao banditismo de Paris (BRB) e pelo Gabinete Central de Luta contra o Tr\u00e1fico de Bens Culturais (OCBC, na sigla francesa).<\/p>\n<p>Cerca de 100 pessoas, das for\u00e7as da ordem n\u00e3o s\u00f3, est\u00e3o envolvidas no inqu\u00e9rito e a press\u00e3o interna e internacional para que produzam resultados dificilmente poderia ser maior.<\/p>\n<p>O jornal franc\u00eas <a href=\"https:\/\/www.leparisien.fr\/faits-divers\/casse-du-siecle-au-louvre-deux-suspects-interpelles-lenquete-saccelere-26-10-2025-J5UUM4F32JEMTOBFM5QVHY26W4.php\" target=\"_blank\" rel=\"nofollow noopener\">Le Parisien <\/a>garante este domingo que as autoridades francesas detiveram no s\u00e1bado \u00e0 noite dois homens por alegada liga\u00e7\u00e3o ao espectacular assalto, que deixou incr\u00e9dulos os franceses e o resto do mundo e que tem sido arma de arremesso pol\u00edtico contra a ministra da Cultura, Rachida Dati, candidata \u00e0 c\u00e2mara de Paris.<\/p>\n<p>Os dois homens, apurou o Parisien, s\u00e3o origin\u00e1rios de Seine-Saint-Denis e t\u00eam cerca de trinta anos. Foram colocados sob cust\u00f3dia policial por suspeita de \u201croubo com associa\u00e7\u00e3o criminosa\u201d e permanecem hoje em pris\u00e3o preventiva. A pol\u00edcia acredita que poder\u00e3o ter feito parte do grupo de quatro criminosos que invadiram a Galeria de Apolo, uma das mais populares entre os visitantes do Louvre, no passado domingo entre as 9h30 e as 9h40 da manh\u00e3, pouco depois da abertura do museu.<\/p>\n<p>Desde ent\u00e3o, as j\u00f3ias da coroa francesa roubadas foram avaliadas em 88 milh\u00f5es de euros e as restantes colocadas em seguran\u00e7a nos <a href=\"https:\/\/www.publico.pt\/2025\/10\/25\/culturaipsilon\/noticia\/parte-coleccao-joias-museu-louvre-transferida-banco-franca-2152130\" rel=\"nofollow noopener\" target=\"_blank\">cofres do Banco de Fran\u00e7a<\/a>, n\u00e3o se sabendo ainda quando voltar\u00e3o a estar expostas.<\/p>\n<p>As informa\u00e7\u00f5es sobre a deten\u00e7\u00e3o de suspeitos relacionados com o assalto come\u00e7am agora a surgir nos jornais franceses e internacionais e h\u00e1 ainda discrep\u00e2ncias.<\/p>\n<p>De acordo com o di\u00e1rio norte-americano The New York Times, por exemplo, n\u00e3o \u00e9 ainda claro quantos foram os detidos no s\u00e1bado \u00e0 noite.<\/p>\n<p>O gabinete de Laure Beccuau, procuradora de Paris, emitiu, entretanto, um comunicado em que d\u00e1 conta deste desenvolvimento na investiga\u00e7\u00e3o, mas em que n\u00e3o menciona o n\u00famero de suspeitos que ficaram sob cust\u00f3dia das autoridades. Questionada pelos jornalistas, a procuradora tamb\u00e9m n\u00e3o confirmou, nem desmentiu, que foram dois os detidos.<\/p>\n<p>Segundo o di\u00e1rio Le Monde e a Ag\u00eancia France Presse (AFP), Beccuau informou, no entanto, que pelo menos um homem foi capturado pelas autoridades no aeroporto Roissy-Charles de Gaulle, 25 quil\u00f3metros a norte do centro da capital francesa, quando tentava deixar o pa\u00eds.<\/p>\n<p>\u201c\u00c9 demasiado cedo para dar qualquer informa\u00e7\u00e3o mais precisa\u201d, pode ler-se na mesma nota da procuradoria de Paris, em que se promete dados adicionais sobre a opera\u00e7\u00e3o de s\u00e1bado \u00e0 noite &#8220;no final desta fase de deten\u00e7\u00e3o preventiva\u201d, conclui.<\/p>\n<p>Naturalmente, para j\u00e1 tamb\u00e9m n\u00e3o \u00e9 ainda claro se, com a deten\u00e7\u00e3o de s\u00e1bado \u00e0 noite, foi recuperada alguma das pe\u00e7as roubadas, que comp\u00f5em um lote de oito que inclui tiaras, colares, brincos e uma pregadeira, pe\u00e7as cravejadas de diamantes e outras pedras preciosas.<\/p>\n<p>Recorde-se que, para efectuar o assalto, os quatro ladr\u00f5es usaram ferramentas el\u00e9ctricas para cortar o vidro das vitrinas onde as j\u00f3ias se encontravam expostas, acedendo \u00e0 galeria atrav\u00e9s de um elevador de carga montado num cami\u00e3o estacionado junto a uma das alas do museu, o mesmo que usaram para deixar o edif\u00edcio, fugindo em seguida com o saque em duas scooters.<\/p>\n","protected":false},"excerpt":{"rendered":"O assalto de 19 de Outubro ao Louvre, em Paris, do qual resultou o desaparecimento de oito j\u00f3ias&hellip;\n","protected":false},"author":2,"featured_media":126926,"comment_status":"","ping_status":"","sticky":false,"template":"","format":"standard","meta":{"footnotes":""},"categories":[50],"tags":[27,28,315,1413,353,15,16,208,14,25,26,21,22,62,12926,17544,12,13,19,20,2458,1086,23,24,17,18,29,30,31,63,64,65],"class_list":{"0":"post-126925","1":"post","2":"type-post","3":"status-publish","4":"format-standard","5":"has-post-thumbnail","7":"category-mundo","8":"tag-breaking-news","9":"tag-breakingnews","10":"tag-cultura","11":"tag-cultura-ipsilon","12":"tag-em-destaque","13":"tag-featured-news","14":"tag-featurednews","15":"tag-franca","16":"tag-headlines","17":"tag-latest-news","18":"tag-latestnews","19":"tag-main-news","20":"tag-mainnews","21":"tag-mundo","22":"tag-museu-do-louvre","23":"tag-museus","24":"tag-news","25":"tag-noticias","26":"tag-noticias-principais","27":"tag-noticiasprincipais","28":"tag-paris","29":"tag-policia","30":"tag-principais-noticias","31":"tag-principaisnoticias","32":"tag-top-stories","33":"tag-topstories","34":"tag-ultimas","35":"tag-ultimas-noticias","36":"tag-ultimasnoticias","37":"tag-world","38":"tag-world-news","39":"tag-worldnews"},"share_on_mastodon":{"url":"","error":""},"_links":{"self":[{"href":"https:\/\/www.europesays.com\/pt\/wp-json\/wp\/v2\/posts\/126925","targetHints":{"allow":["GET"]}}],"collection":[{"href":"https:\/\/www.europesays.com\/pt\/wp-json\/wp\/v2\/posts"}],"about":[{"href":"https:\/\/www.europesays.com\/pt\/wp-json\/wp\/v2\/types\/post"}],"author":[{"embeddable":true,"href":"https:\/\/www.europesays.com\/pt\/wp-json\/wp\/v2\/users\/2"}],"replies":[{"embeddable":true,"href":"https:\/\/www.europesays.com\/pt\/wp-json\/wp\/v2\/comments?post=126925"}],"version-history":[{"count":0,"href":"https:\/\/www.europesays.com\/pt\/wp-json\/wp\/v2\/posts\/126925\/revisions"}],"wp:featuredmedia":[{"embeddable":true,"href":"https:\/\/www.europesays.com\/pt\/wp-json\/wp\/v2\/media\/126926"}],"wp:attachment":[{"href":"https:\/\/www.europesays.com\/pt\/wp-json\/wp\/v2\/media?parent=126925"}],"wp:term":[{"taxonomy":"category","embeddable":true,"href":"https:\/\/www.europesays.com\/pt\/wp-json\/wp\/v2\/categories?post=126925"},{"taxonomy":"post_tag","embeddable":true,"href":"https:\/\/www.europesays.com\/pt\/wp-json\/wp\/v2\/tags?post=126925"}],"curies":[{"name":"wp","href":"https:\/\/api.w.org\/{rel}","templated":true}]}}