{"id":126927,"date":"2025-10-26T11:13:09","date_gmt":"2025-10-26T11:13:09","guid":{"rendered":"https:\/\/www.europesays.com\/pt\/126927\/"},"modified":"2025-10-26T11:13:09","modified_gmt":"2025-10-26T11:13:09","slug":"jovem-de-22-anos-baleado-durante-assalto-em-lisboa","status":"publish","type":"post","link":"https:\/\/www.europesays.com\/pt\/126927\/","title":{"rendered":"Jovem de 22 anos baleado durante assalto em Lisboa"},"content":{"rendered":"<p>\t                O homem foi assistido no local e transportado em estado grave para o Hospital de Santa Maria<\/p>\n<p>Um jovem de 22 anos foi baleado no abd\u00f3men durante um assalto ocorrido na noite desta sexta-feira na rua Cordeiro Ferreira, em Lisboa.<\/p>\n<p>A TVI e CNN Portugal sabem que o incidente aconteceu por volta das 20:00, quando a v\u00edtima foi abordada por indiv\u00edduos que, ap\u00f3s o roubo dispararam contra o jovem.<\/p>\n<p>O homem foi assistido no local e transportado em estado grave para o Hospital de Santa Maria.<\/p>\n<p>At\u00e9 ao momento, os suspeitos ainda n\u00e3o foram localizados. O caso est\u00e1 a ser investigado.<\/p>\n","protected":false},"excerpt":{"rendered":"O homem foi assistido no local e transportado em estado grave para o Hospital de Santa Maria Um&hellip;\n","protected":false},"author":2,"featured_media":126928,"comment_status":"","ping_status":"","sticky":false,"template":"","format":"standard","meta":{"footnotes":""},"categories":[10],"tags":[609,836,611,2446,27,28,607,608,333,832,604,135,610,476,15,16,301,830,14,29046,603,25,26,797,570,21,22,831,833,62,834,12,13,19,20,835,602,52,32,23,24,33,9274,17,18,29,30,31,3097],"class_list":{"0":"post-126927","1":"post","2":"type-post","3":"status-publish","4":"format-standard","5":"has-post-thumbnail","7":"category-portugal","8":"tag-alerta","9":"tag-analise","10":"tag-ao-minuto","11":"tag-assalto","12":"tag-breaking-news","13":"tag-breakingnews","14":"tag-cnn","15":"tag-cnn-portugal","16":"tag-comentadores","17":"tag-costa","18":"tag-crime","19":"tag-desporto","20":"tag-direto","21":"tag-economia","22":"tag-featured-news","23":"tag-featurednews","24":"tag-governo","25":"tag-guerra","26":"tag-headlines","27":"tag-jovem-baleado","28":"tag-justica","29":"tag-latest-news","30":"tag-latestnews","31":"tag-lisboa","32":"tag-live","33":"tag-main-news","34":"tag-mainnews","35":"tag-mais-vistas","36":"tag-marcelo","37":"tag-mundo","38":"tag-negocios","39":"tag-news","40":"tag-noticias","41":"tag-noticias-principais","42":"tag-noticiasprincipais","43":"tag-opiniao","44":"tag-pais","45":"tag-politica","46":"tag-portugal","47":"tag-principais-noticias","48":"tag-principaisnoticias","49":"tag-pt","50":"tag-santa-maria","51":"tag-top-stories","52":"tag-topstories","53":"tag-ultimas","54":"tag-ultimas-noticias","55":"tag-ultimasnoticias","56":"tag-violencia"},"share_on_mastodon":{"url":"","error":"Validation failed: Text character limit of 500 exceeded"},"_links":{"self":[{"href":"https:\/\/www.europesays.com\/pt\/wp-json\/wp\/v2\/posts\/126927","targetHints":{"allow":["GET"]}}],"collection":[{"href":"https:\/\/www.europesays.com\/pt\/wp-json\/wp\/v2\/posts"}],"about":[{"href":"https:\/\/www.europesays.com\/pt\/wp-json\/wp\/v2\/types\/post"}],"author":[{"embeddable":true,"href":"https:\/\/www.europesays.com\/pt\/wp-json\/wp\/v2\/users\/2"}],"replies":[{"embeddable":true,"href":"https:\/\/www.europesays.com\/pt\/wp-json\/wp\/v2\/comments?post=126927"}],"version-history":[{"count":0,"href":"https:\/\/www.europesays.com\/pt\/wp-json\/wp\/v2\/posts\/126927\/revisions"}],"wp:featuredmedia":[{"embeddable":true,"href":"https:\/\/www.europesays.com\/pt\/wp-json\/wp\/v2\/media\/126928"}],"wp:attachment":[{"href":"https:\/\/www.europesays.com\/pt\/wp-json\/wp\/v2\/media?parent=126927"}],"wp:term":[{"taxonomy":"category","embeddable":true,"href":"https:\/\/www.europesays.com\/pt\/wp-json\/wp\/v2\/categories?post=126927"},{"taxonomy":"post_tag","embeddable":true,"href":"https:\/\/www.europesays.com\/pt\/wp-json\/wp\/v2\/tags?post=126927"}],"curies":[{"name":"wp","href":"https:\/\/api.w.org\/{rel}","templated":true}]}}