{"id":126931,"date":"2025-10-26T11:20:18","date_gmt":"2025-10-26T11:20:18","guid":{"rendered":"https:\/\/www.europesays.com\/pt\/126931\/"},"modified":"2025-10-26T11:20:18","modified_gmt":"2025-10-26T11:20:18","slug":"adultos-precisam-assistir-ao-documentario-da-netflix","status":"publish","type":"post","link":"https:\/\/www.europesays.com\/pt\/126931\/","title":{"rendered":"Adultos precisam assistir ao document\u00e1rio da Netflix"},"content":{"rendered":"<p>Lan\u00e7ado pela Netflix em 17 de outubro, <a href=\"https:\/\/tangerina.uol.com.br\/filmes-series\/o-que-acontece-no-final-de-a-vizinha-perfeita-na-netflix\/\" target=\"_blank\" rel=\"noreferrer noopener nofollow\">o document\u00e1rio A Vizinha Perfeita<\/a> rapidamente se tornou um dos conte\u00fados mais vistos da plataforma no Brasil, causando um grande inc\u00f4modo aos telespectadores pelo desfecho tr\u00e1gico causado por pura intoler\u00e2ncia.<\/p>\n<p><strong>[Aten\u00e7\u00e3o: Cont\u00e9m spoilers de A Vizinha Perfeita a seguir]<\/strong><\/p>\n<p>O filme, que reuniu dois anos de grava\u00e7\u00f5es, mostra como uma briga entre vizinhos terminou em assassinato. Tudo come\u00e7ou quando Susan Lorincz se mudou para um pequeno bairro tranquilo da Fl\u00f3rida, mas que para ela, estava longe de ser sossegado. A senhora logo come\u00e7ou a fazer cont\u00ednuas liga\u00e7\u00f5es para a pol\u00edcia reclamando de crian\u00e7as invadindo sua propriedade.<\/p>\n<p>Ao chegarem ao local, policiais n\u00e3o encontraram ningu\u00e9m dentro dos limites da casa de Susan, e ela tamb\u00e9m n\u00e3o tinha nenhuma prova, mas adicionou \u00e0 den\u00fancia que havia sido agredida pela m\u00e3e das crian\u00e7as, Ajike \u201cAJ\u201d Owens, que morava do outro lado da rua. <\/p>\n<p>Os relatos dos vizinhos, no entanto, n\u00e3o batiam com o dela. Todos alegaram que as crian\u00e7as estavam brincando em um terreno vazio, que n\u00e3o fazia parte do jardim dela, e que o propriet\u00e1rio, inclusive, havia autorizado que os pequenos o usassem para lazer. <\/p>\n<p>J\u00e1 sobre a acusa\u00e7\u00e3o de agress\u00e3o, todos relataram que Ajike apenas reagiu ao fato de a mulher ter gritado e ofendido seus filhos, sem agredi-la intencionalmente. Mesmo ap\u00f3s a pol\u00edcia n\u00e3o ver nada de errado, as liga\u00e7\u00f5es com reclama\u00e7\u00f5es de Susan continuaram durante mais de um ano, e os relatos permaneciam os mesmos. <\/p>\n<p>At\u00e9 que um dia, quando AJ foi tirar satisfa\u00e7\u00e3o com Susan sobre um pertence das crian\u00e7as que ela havia \u201cconfiscado\u201d, a mulher atirou atrav\u00e9s da porta e a matou. Ajike era m\u00e3e solo de quatro crian\u00e7as \u2014duas delas viram sua m\u00e3e sofrer o tiro. Ap\u00f3s investiga\u00e7\u00f5es e julgamento, Susan foi condenada por homic\u00eddio culposo.<\/p>\n<p>Adultos precisam assistir A Vizinha Perfeita<\/p>\n<p>O document\u00e1rio mostra como a sociedade tem se tornado cada vez mais intolerante e os efeitos tr\u00e1gicos que isso traz. Uma mulher idosa e solit\u00e1ria, que claramente n\u00e3o gostava de crian\u00e7as, n\u00e3o suportava o fato de elas estarem exercendo um direito: o de brincar e, consequentemente fazer barulho, dentro do hor\u00e1rio permitido.<\/p>\n<p>Susan podia apenas se mudar para um lugar com menos crian\u00e7as, mas tentou, de todas as formas, usar a lei a seu favor at\u00e9 mesmo quando atirou em Ajike ao alegar leg\u00edtima defesa, pois acreditava que sua vizinha, uma mulher negra, iria mat\u00e1-la quando n\u00e3o havia nenhum ind\u00edcio disso \u2014o que nos faz entender que a intoler\u00e2ncia n\u00e3o era s\u00f3 com as crian\u00e7as, era tamb\u00e9m com a cor delas.<\/p>\n<p>A falta de di\u00e1logo escalonou ainda mais os inc\u00f4modos tanto dos vizinhos, quanto de Susan, mas ela mesma se recusava a conversar com as m\u00e3es, direcionando-se sempre apenas \u00e0s crian\u00e7as, de forma agressiva. Ao ser condenada a 25 anos de pris\u00e3o por homic\u00eddio culposo, a \u201cvizinha perfeita\u201d colheu o resultado de algo que poderia ter sido resolvido com di\u00e1logo.<\/p>\n<p>Ela, assim como muitos adultos, n\u00e3o soube lidar com as pr\u00f3prias frustra\u00e7\u00f5es, tampouco soube pedir ajuda para superar traumas que podem t\u00ea-la tornado algu\u00e9m t\u00e3o intolerante e solit\u00e1ria. <\/p>\n<p>Ela, como adulta, deveria ter agido com maturidade e chegado a um acordo com as m\u00e3es dos pequenos, mas n\u00e3o houve espa\u00e7o para di\u00e1logo, a n\u00e3o ser que fosse intermediado pela pol\u00edcia. No fim, as crian\u00e7as estavam apenas sendo crian\u00e7as \u2014e Susan era a \u00fanica pessoa incomodada. <\/p>\n","protected":false},"excerpt":{"rendered":"Lan\u00e7ado pela Netflix em 17 de outubro, o document\u00e1rio A Vizinha Perfeita rapidamente se tornou um dos conte\u00fados&hellip;\n","protected":false},"author":2,"featured_media":126932,"comment_status":"","ping_status":"","sticky":false,"template":"","format":"standard","meta":{"footnotes":""},"categories":[140],"tags":[1414,114,115,147,148,146,716,32,33],"class_list":{"0":"post-126931","1":"post","2":"type-post","3":"status-publish","4":"format-standard","5":"has-post-thumbnail","7":"category-filmes","8":"tag-documentario","9":"tag-entertainment","10":"tag-entretenimento","11":"tag-film","12":"tag-filmes","13":"tag-movies","14":"tag-netflix","15":"tag-portugal","16":"tag-pt"},"share_on_mastodon":{"url":"https:\/\/pubeurope.com\/@pt\/115440204314188301","error":""},"_links":{"self":[{"href":"https:\/\/www.europesays.com\/pt\/wp-json\/wp\/v2\/posts\/126931","targetHints":{"allow":["GET"]}}],"collection":[{"href":"https:\/\/www.europesays.com\/pt\/wp-json\/wp\/v2\/posts"}],"about":[{"href":"https:\/\/www.europesays.com\/pt\/wp-json\/wp\/v2\/types\/post"}],"author":[{"embeddable":true,"href":"https:\/\/www.europesays.com\/pt\/wp-json\/wp\/v2\/users\/2"}],"replies":[{"embeddable":true,"href":"https:\/\/www.europesays.com\/pt\/wp-json\/wp\/v2\/comments?post=126931"}],"version-history":[{"count":0,"href":"https:\/\/www.europesays.com\/pt\/wp-json\/wp\/v2\/posts\/126931\/revisions"}],"wp:featuredmedia":[{"embeddable":true,"href":"https:\/\/www.europesays.com\/pt\/wp-json\/wp\/v2\/media\/126932"}],"wp:attachment":[{"href":"https:\/\/www.europesays.com\/pt\/wp-json\/wp\/v2\/media?parent=126931"}],"wp:term":[{"taxonomy":"category","embeddable":true,"href":"https:\/\/www.europesays.com\/pt\/wp-json\/wp\/v2\/categories?post=126931"},{"taxonomy":"post_tag","embeddable":true,"href":"https:\/\/www.europesays.com\/pt\/wp-json\/wp\/v2\/tags?post=126931"}],"curies":[{"name":"wp","href":"https:\/\/api.w.org\/{rel}","templated":true}]}}