{"id":126975,"date":"2025-10-26T12:01:08","date_gmt":"2025-10-26T12:01:08","guid":{"rendered":"https:\/\/www.europesays.com\/pt\/126975\/"},"modified":"2025-10-26T12:01:08","modified_gmt":"2025-10-26T12:01:08","slug":"jose-manuel-anes-quebra-silencio-apos-ataque-da-filha","status":"publish","type":"post","link":"https:\/\/www.europesays.com\/pt\/126975\/","title":{"rendered":"Jos\u00e9 Manuel Anes quebra sil\u00eancio ap\u00f3s ataque da filha"},"content":{"rendered":"<p>Jos\u00e9 Manuel Anes falou pela primeira vez desde que foi v\u00edtima de um ataque violento cometido pela pr\u00f3pria filha, no in\u00edcio da semana passada.<\/p>\n<p>O antigo presidente do Observat\u00f3rio de Seguran\u00e7a, Criminalidade Organizada e Terrorismo (OSCOT) continua internado no hospital, mas est\u00e1 est\u00e1vel e a recuperar.<\/p>\n<p>\u201cMuito obrigado pelas vossas mensagens amigas. Ainda no hospital, mas a recuperar. Um grande abra\u00e7o a todos\u201d, l\u00ea-se numa mensagem publicada no Facebook de Jos\u00e9 Manuel Anes, de 81 anos.<\/p>\n<p>Recorde-se que o investigador foi esfaqueado pela filha v\u00e1rias vezes no abd\u00f3men, m\u00e3os e nas pernas e deu entrada em estado grave no Hospital de S\u00e3o Jos\u00e9, em Lisboa, a 20 de outubro.<\/p>\n<p>A filha est\u00e1 em pris\u00e3o preventiva no Hospital-Pris\u00e3o de Caxias, em Oeiras, estando indiciada por homic\u00eddio qualificado, na forma tentada.<\/p>\n<p>Ana Anes, logo ap\u00f3s o ataque, publicou uma s\u00e9rie de mensagens nas redes sociais, a confessar o ataque e que davam conta do seu estado alterado.<\/p>\n","protected":false},"excerpt":{"rendered":"Jos\u00e9 Manuel Anes falou pela primeira vez desde que foi v\u00edtima de um ataque violento cometido pela pr\u00f3pria&hellip;\n","protected":false},"author":2,"featured_media":126976,"comment_status":"","ping_status":"","sticky":false,"template":"","format":"standard","meta":{"footnotes":""},"categories":[10],"tags":[79,27,28,17889,15,16,14,29049,27742,25,26,797,21,22,12,13,19,20,32,23,24,33,17,18,29,30,31],"class_list":{"0":"post-126975","1":"post","2":"type-post","3":"status-publish","4":"format-standard","5":"has-post-thumbnail","7":"category-portugal","8":"tag-ataque","9":"tag-breaking-news","10":"tag-breakingnews","11":"tag-esfaqueamento","12":"tag-featured-news","13":"tag-featurednews","14":"tag-headlines","15":"tag-hospital-prisao-de-caxias","16":"tag-jose-manuel-anes","17":"tag-latest-news","18":"tag-latestnews","19":"tag-lisboa","20":"tag-main-news","21":"tag-mainnews","22":"tag-news","23":"tag-noticias","24":"tag-noticias-principais","25":"tag-noticiasprincipais","26":"tag-portugal","27":"tag-principais-noticias","28":"tag-principaisnoticias","29":"tag-pt","30":"tag-top-stories","31":"tag-topstories","32":"tag-ultimas","33":"tag-ultimas-noticias","34":"tag-ultimasnoticias"},"share_on_mastodon":{"url":"https:\/\/pubeurope.com\/@pt\/115440365257365717","error":""},"_links":{"self":[{"href":"https:\/\/www.europesays.com\/pt\/wp-json\/wp\/v2\/posts\/126975","targetHints":{"allow":["GET"]}}],"collection":[{"href":"https:\/\/www.europesays.com\/pt\/wp-json\/wp\/v2\/posts"}],"about":[{"href":"https:\/\/www.europesays.com\/pt\/wp-json\/wp\/v2\/types\/post"}],"author":[{"embeddable":true,"href":"https:\/\/www.europesays.com\/pt\/wp-json\/wp\/v2\/users\/2"}],"replies":[{"embeddable":true,"href":"https:\/\/www.europesays.com\/pt\/wp-json\/wp\/v2\/comments?post=126975"}],"version-history":[{"count":0,"href":"https:\/\/www.europesays.com\/pt\/wp-json\/wp\/v2\/posts\/126975\/revisions"}],"wp:featuredmedia":[{"embeddable":true,"href":"https:\/\/www.europesays.com\/pt\/wp-json\/wp\/v2\/media\/126976"}],"wp:attachment":[{"href":"https:\/\/www.europesays.com\/pt\/wp-json\/wp\/v2\/media?parent=126975"}],"wp:term":[{"taxonomy":"category","embeddable":true,"href":"https:\/\/www.europesays.com\/pt\/wp-json\/wp\/v2\/categories?post=126975"},{"taxonomy":"post_tag","embeddable":true,"href":"https:\/\/www.europesays.com\/pt\/wp-json\/wp\/v2\/tags?post=126975"}],"curies":[{"name":"wp","href":"https:\/\/api.w.org\/{rel}","templated":true}]}}