{"id":126991,"date":"2025-10-26T12:19:13","date_gmt":"2025-10-26T12:19:13","guid":{"rendered":"https:\/\/www.europesays.com\/pt\/126991\/"},"modified":"2025-10-26T12:19:13","modified_gmt":"2025-10-26T12:19:13","slug":"sbt-tv-camila-queiroz-celebra-cha-de-bebe-em-clima-romantico-com-klebber-toledo","status":"publish","type":"post","link":"https:\/\/www.europesays.com\/pt\/126991\/","title":{"rendered":"SBT TV | Camila Queiroz celebra ch\u00e1 de beb\u00ea em clima rom\u00e2ntico com Klebber Toledo"},"content":{"rendered":"<p data-end=\"533\" data-start=\"175\">Camila Queiroz comemorou neste s\u00e1bado (25) o <strong data-end=\"257\" data-start=\"220\">ch\u00e1 de beb\u00ea de sua primeira filha<\/strong> com o ator <strong data-end=\"287\" data-start=\"269\">Klebber Toledo<\/strong>, em um cen\u00e1rio encantador ao ar livre. O evento, intitulado &#8220;Um almo\u00e7o no jardim&#8221;, teve <strong data-end=\"401\" data-start=\"378\">decora\u00e7\u00e3o rom\u00e2ntica<\/strong> em tons de rosa e branco, com flores, tendas listradas e mesas delicadamente arrumadas para receber familiares e amigos pr\u00f3ximos.<\/p>\n<p class=\"related-link\"><strong><a href=\"https:\/\/www.sbt.com.br\/jornalismo\/fofocalizando\/noticia\/285081-virginia-ganha-bolsa-de-grife-apos-desembarcar-em-madrid\" title=\"Virginia ganha bolsa de grife ap\u00f3s desembarcar em Madrid\" class=\"link_sbttv\" rel=\"nofollow noopener\" target=\"_blank\">+ Virginia ganha bolsa de grife ap\u00f3s desembarcar em Madrid<\/a><\/strong><\/p>\n<p class=\"related-link\"><strong><a href=\"https:\/\/www.sbt.com.br\/jornalismo\/fofocalizando\/noticia\/285080-joao-gomes-e-zeca-pagodinho-se-encontram-em-bar-no-rio-de-janeiro\" title=\"Jo\u00e3o Gomes e Zeca Pagodinho se encontram em bar no Rio de Janeiro\" class=\"link_sbttv\" rel=\"nofollow noopener\" target=\"_blank\">+ Jo\u00e3o Gomes e Zeca Pagodinho se encontram em bar no Rio de Janeiro<\/a><\/strong><\/p>\n<p class=\"related-link\"><strong><a href=\"https:\/\/www.sbt.com.br\/jornalismo\/fofocalizando\/noticia\/285078-virginia-fonseca-compartilha-detalhes-da-festa-de-maria-flor\" title=\"Virginia Fonseca compartilha detalhes da festa de Maria Flor\" class=\"link_sbttv\" rel=\"nofollow noopener\" target=\"_blank\">+ Virginia Fonseca compartilha detalhes da festa de Maria Flor<\/a><\/strong><\/p>\n<p data-end=\"792\" data-start=\"535\">Nos stories, a atriz mostrou os detalhes da celebra\u00e7\u00e3o e seu <strong data-end=\"620\" data-start=\"596\">look leve e elegante<\/strong>: uma saia longa bege e blusa branca rendada com mangas bufantes. Entre flores e sorrisos, Camila exibiu o barrig\u00e3o e posou ao som de This Is My Love, de Frank Sinatra.<\/p>\n<p data-end=\"1007\" data-is-last-node=\"\" data-is-only-node=\"\" data-start=\"794\">O momento tamb\u00e9m contou com a presen\u00e7a do marido, Klebber Toledo, que apareceu em clima de romance com a atriz. Em um dos cliques compartilhados, os dois trocam um beijo, com Camila legendando a foto: &#8220;S\u00f3 amor.&#8221;<\/p>\n","protected":false},"excerpt":{"rendered":"Camila Queiroz comemorou neste s\u00e1bado (25) o ch\u00e1 de beb\u00ea de sua primeira filha com o ator Klebber&hellip;\n","protected":false},"author":2,"featured_media":126992,"comment_status":"","ping_status":"","sticky":false,"template":"","format":"standard","meta":{"footnotes":""},"categories":[145],"tags":[2557,3453,211,210,3021,114,115,980,972,29052,32,33,3454,3456],"class_list":{"0":"post-126991","1":"post","2":"type-post","3":"status-publish","4":"format-standard","5":"has-post-thumbnail","7":"category-celebridades","8":"tag-bebe","9":"tag-camila","10":"tag-celebridades","11":"tag-celebrities","12":"tag-cha","13":"tag-entertainment","14":"tag-entretenimento","15":"tag-famosos","16":"tag-fofocalizando","17":"tag-klebber","18":"tag-portugal","19":"tag-pt","20":"tag-queiroz","21":"tag-toledo"},"share_on_mastodon":{"url":"https:\/\/pubeurope.com\/@pt\/115440436055592483","error":""},"_links":{"self":[{"href":"https:\/\/www.europesays.com\/pt\/wp-json\/wp\/v2\/posts\/126991","targetHints":{"allow":["GET"]}}],"collection":[{"href":"https:\/\/www.europesays.com\/pt\/wp-json\/wp\/v2\/posts"}],"about":[{"href":"https:\/\/www.europesays.com\/pt\/wp-json\/wp\/v2\/types\/post"}],"author":[{"embeddable":true,"href":"https:\/\/www.europesays.com\/pt\/wp-json\/wp\/v2\/users\/2"}],"replies":[{"embeddable":true,"href":"https:\/\/www.europesays.com\/pt\/wp-json\/wp\/v2\/comments?post=126991"}],"version-history":[{"count":0,"href":"https:\/\/www.europesays.com\/pt\/wp-json\/wp\/v2\/posts\/126991\/revisions"}],"wp:featuredmedia":[{"embeddable":true,"href":"https:\/\/www.europesays.com\/pt\/wp-json\/wp\/v2\/media\/126992"}],"wp:attachment":[{"href":"https:\/\/www.europesays.com\/pt\/wp-json\/wp\/v2\/media?parent=126991"}],"wp:term":[{"taxonomy":"category","embeddable":true,"href":"https:\/\/www.europesays.com\/pt\/wp-json\/wp\/v2\/categories?post=126991"},{"taxonomy":"post_tag","embeddable":true,"href":"https:\/\/www.europesays.com\/pt\/wp-json\/wp\/v2\/tags?post=126991"}],"curies":[{"name":"wp","href":"https:\/\/api.w.org\/{rel}","templated":true}]}}