{"id":127015,"date":"2025-10-26T12:52:43","date_gmt":"2025-10-26T12:52:43","guid":{"rendered":"https:\/\/www.europesays.com\/pt\/127015\/"},"modified":"2025-10-26T12:52:43","modified_gmt":"2025-10-26T12:52:43","slug":"jeremy-renner-revela-por-que-o-gaviao-arqueiro-foi-cortado-do-filme","status":"publish","type":"post","link":"https:\/\/www.europesays.com\/pt\/127015\/","title":{"rendered":"Jeremy Renner revela por que o Gavi\u00e3o Arqueiro foi cortado do filme"},"content":{"rendered":"<p>PUBLICIDADE<\/p>\n<p>Em ma\u00e7o, <a href=\"https:\/\/legadodamarvel.com.br\/filme\/vingadores-doomsday\" rel=\"nofollow noopener\" target=\"_blank\">Vingadores 5: Doomsday<\/a> ganhou uma mega live anunciando o retorno de diversos her\u00f3is, e, infelizmente, o Gavi\u00e3o Arqueiro n\u00e3o fez parte deles.<\/p>\n<p>No entanto, os f\u00e3s ainda esperavam que aquele an\u00fancio n\u00e3o estivesse completo e que, posteriormente, a Marvel acabasse anunciando o retorno do her\u00f3i.<\/p>\n<p>Mas agora o ator <a href=\"https:\/\/legadodamarvel.com.br\/tag\/jeremy-renner\" rel=\"nofollow noopener\" target=\"_blank\">Jeremy Renner<\/a> deu uma nova declara\u00e7\u00e3o e n\u00e3o trouxe boas not\u00edcias para os f\u00e3s deste grande her\u00f3i do MCU.<\/p>\n<p>Vingadores 5 descarta participa\u00e7\u00e3o do Gavi\u00e3o Arqueiro!<\/p>\n<p>Em nova entrevista, realizada para o<a href=\"https:\/\/www.youtube.com\/watch?app=desktop&amp;v=3ZXj_CmfzY8\" rel=\"nofollow noopener\" target=\"_blank\"> Brekafast Club<\/a>, o ator Jeremy Renner confirmou que n\u00e3o retornar\u00e1 em Vingadores 5 (dezembro de 2026) e nem em <a href=\"https:\/\/legadodamarvel.com.br\/filme\/vingadores-guerras-secretas\" rel=\"nofollow noopener\" target=\"_blank\">Vingadores: Guerras Secretas<\/a> ( dezembro de 2027).<\/p>\n<p>O motivo, por\u00e9m, \u00e9 mais simples do que os f\u00e3s poderiam pensar. O ator simplesmente declarou que est\u00e1 com uma agenda muito cheia, o que impossibilitou seu retorno.<\/p>\n<blockquote class=\"wp-block-quote\">\n<p>\u201cEu estou muito ocupado!\u201d<\/p>\n<\/blockquote>\n<p>A declara\u00e7\u00e3o seca pode levar muitos f\u00e3s a pensarem que o ator est\u00e1 apenas despistando o seu retorno, no entanto, h\u00e1 outros ind\u00edcios apontando para um enfraquecimento do sue elo com a Marvel.<\/p>\n<p>O Gavi\u00e3o Arqueiro n\u00e3o volta nunca mais?<\/p>\n<p>Anteriormente, o ator j\u00e1 havia revelado uma rusga com a Marvel. Quando questionado sobre a 2\u00aa temporada da s\u00e9rie do Gavi\u00e3o Arqueiro no Disney+, Jeremy Renner revelou que n\u00e3o retornaria pois a Marvel havia oferecido apenas metade do cach\u00ea.<\/p>\n<p>Al\u00e9m disso, vale lembrar que a Marvel j\u00e1 plantou sua substituta dentro do MCU, a Kate Bishop (<a href=\"https:\/\/legadodamarvel.com.br\/personalidade\/hailee-steinfeld\/\" rel=\"nofollow noopener\" target=\"_blank\">Hailee Steinfeld<\/a>). Ser\u00e1 que em Vingadores 5 veremos a hero\u00edna mas n\u00e3o o Gavi\u00e3o Arqueiro?<\/p>\n<p>Caso o futuro do ator e da Marvel n\u00e3o se cruzem mais, o seu fim foi realmente em Gavi\u00e3o Arqueiro, a s\u00e9rie de 2021, que, de fato, se encerra com o personagem sugerindo uma aposentadoria do arco e flecha.<\/p>\n<p><strong>LEIA TAMB\u00c9M:<\/strong><\/p>\n<p>O que acharam? Deixe sua opini\u00e3o nos coment\u00e1rios e, por fim, continue acompanhando o <strong>Legado da Marvel <\/strong>para n\u00e3o perder nenhuma novidade!<\/p>\n","protected":false},"excerpt":{"rendered":"PUBLICIDADE Em ma\u00e7o, Vingadores 5: Doomsday ganhou uma mega live anunciando o retorno de diversos her\u00f3is, e, infelizmente,&hellip;\n","protected":false},"author":2,"featured_media":127016,"comment_status":"","ping_status":"","sticky":false,"template":"","format":"standard","meta":{"footnotes":""},"categories":[140],"tags":[114,115,147,148,29054,19337,146,32,33,14176],"class_list":{"0":"post-127015","1":"post","2":"type-post","3":"status-publish","4":"format-standard","5":"has-post-thumbnail","7":"category-filmes","8":"tag-entertainment","9":"tag-entretenimento","10":"tag-film","11":"tag-filmes","12":"tag-gaviao-arqueiro","13":"tag-jeremy-renner","14":"tag-movies","15":"tag-portugal","16":"tag-pt","17":"tag-vingadores-doomsday"},"share_on_mastodon":{"url":"https:\/\/pubeurope.com\/@pt\/115440565813398143","error":""},"_links":{"self":[{"href":"https:\/\/www.europesays.com\/pt\/wp-json\/wp\/v2\/posts\/127015","targetHints":{"allow":["GET"]}}],"collection":[{"href":"https:\/\/www.europesays.com\/pt\/wp-json\/wp\/v2\/posts"}],"about":[{"href":"https:\/\/www.europesays.com\/pt\/wp-json\/wp\/v2\/types\/post"}],"author":[{"embeddable":true,"href":"https:\/\/www.europesays.com\/pt\/wp-json\/wp\/v2\/users\/2"}],"replies":[{"embeddable":true,"href":"https:\/\/www.europesays.com\/pt\/wp-json\/wp\/v2\/comments?post=127015"}],"version-history":[{"count":0,"href":"https:\/\/www.europesays.com\/pt\/wp-json\/wp\/v2\/posts\/127015\/revisions"}],"wp:featuredmedia":[{"embeddable":true,"href":"https:\/\/www.europesays.com\/pt\/wp-json\/wp\/v2\/media\/127016"}],"wp:attachment":[{"href":"https:\/\/www.europesays.com\/pt\/wp-json\/wp\/v2\/media?parent=127015"}],"wp:term":[{"taxonomy":"category","embeddable":true,"href":"https:\/\/www.europesays.com\/pt\/wp-json\/wp\/v2\/categories?post=127015"},{"taxonomy":"post_tag","embeddable":true,"href":"https:\/\/www.europesays.com\/pt\/wp-json\/wp\/v2\/tags?post=127015"}],"curies":[{"name":"wp","href":"https:\/\/api.w.org\/{rel}","templated":true}]}}