{"id":127037,"date":"2025-10-26T13:15:07","date_gmt":"2025-10-26T13:15:07","guid":{"rendered":"https:\/\/www.europesays.com\/pt\/127037\/"},"modified":"2025-10-26T13:15:07","modified_gmt":"2025-10-26T13:15:07","slug":"andre-lamoglia-muita-porta-se-fechou-na-minha-cara-25-10-2025-monica-bergamo","status":"publish","type":"post","link":"https:\/\/www.europesays.com\/pt\/127037\/","title":{"rendered":"Andr\u00e9 Lamoglia: &#8216;Muita porta se fechou na minha cara&#8217; &#8211; 25\/10\/2025 &#8211; M\u00f4nica Bergamo"},"content":{"rendered":"<p>&#8220;Nunca joguei [no bicho], acredita?&#8221;, diz \u00e0 coluna o ator Andr\u00e9 Lamoglia, 28, protagonista de <a href=\"https:\/\/www1.folha.uol.com.br\/colunas\/monicabergamo\/2025\/08\/netflix-revela-imagens-e-detalhes-de-os-donos-do-jogo-serie-sobre-disputa-no-jogo-do-bicho-veja.shtml\" rel=\"nofollow noopener\" target=\"\">&#8220;Os Donos do Jogo&#8221;<\/a>, nova s\u00e9rie de fic\u00e7\u00e3o da <a href=\"https:\/\/www1.folha.uol.com.br\/folha-topicos\/netflix\/\" rel=\"nofollow noopener\" target=\"_blank\">Netflix<\/a> que mergulha no universo dos bicheiros cariocas e tem estreia marcada para a pr\u00f3xima quarta (29).<br \/>&#13;\n <\/p>\n<p>Andr\u00e9 conta que, &#8220;como todo brasileiro, j\u00e1 tinha ouvido falar do<a href=\"https:\/\/f5.folha.uol.com.br\/televisao\/2025\/10\/serie-de-ficcao-sobre-o-jogo-do-bicho-os-donos-do-jogo-tem-enredo-semelhante-ao-da-vida-real.shtml\" rel=\"nofollow noopener\" target=\"\"> jogo do bicho<\/a>&#8220;, mas sem muita proximidade com o tema. &#8220;Ainda n\u00e3o tenho. O que sei agora \u00e9 do estudo que eu fiz para entender um pouco mais desse ambiente e do meu personagem.&#8221;<\/p>\n<p>Ele diz que at\u00e9 hoje n\u00e3o sabe dizer ao certo se &#8220;recebeu um convite ou passou por um teste&#8221; para interpretar Profeta, jovem ambicioso de Campos dos Goytacazes, no interior fluminense, que n\u00e3o mede esfor\u00e7os para conquistar um lugar na c\u00fapula dos contraventores.<br \/>&#13;\n <\/p>\n<p>O fato \u00e9 que as conversas com os produtores da s\u00e9rie, criada e dirigida por <a href=\"https:\/\/www1.folha.uol.com.br\/ilustrada\/2018\/06\/heitor-dhalia-busca-fidelidade-total-em-tungstenio-filme-baseado-em-hq.shtml\" rel=\"nofollow noopener\" target=\"\">Heitor Dhalia<\/a>, come\u00e7aram em meados do ano passado e, de cara, Andr\u00e9 afirma j\u00e1 ter se encantado com a hist\u00f3ria e com a oportunidade de poder gravar novamente no Brasil. Embora nascido e criado no Rio de Janeiro, o ator se destacou profissionalmente bem longe da cidade maravilhosa. Foi em<a href=\"https:\/\/f5.folha.uol.com.br\/cinema-e-series\/2022\/03\/andre-lamoglia-sera-jogador-de-futebol-brasileiro-na-5a-temporada-de-elite.shtml\" rel=\"nofollow noopener\" target=\"\"> &#8220;Elite&#8221; <\/a>(2018-2024), s\u00e9rie espanhola da Netflix que figurou entre as mais assistidas em l\u00edngua n\u00e3o inglesa da plataforma e o transformou em um s\u00edmbolo sexual.<\/p>\n<p>Bem antes do sucesso internacional, por\u00e9m, ele afirma ter ouvido muitos &#8220;n\u00e3os&#8221;. &#8220;Eu fazia um monte de teste, teste, teste. E n\u00e3o passava, n\u00e3o passava, n\u00e3o passava. At\u00e9 fazer o meu primeiro trabalho, muita porta se fechou na minha cara&#8221;, revela, entre risos.<br \/>&#13;\n <\/p>\n<p>S\u00f3 para &#8220;<a href=\"https:\/\/www1.folha.uol.com.br\/folha-topicos\/malhacao\/\" rel=\"nofollow noopener\" target=\"_blank\">Malha\u00e7\u00e3o<\/a>&#8220;, <a href=\"https:\/\/www1.folha.uol.com.br\/folha-topicos\/novela\/\" rel=\"nofollow noopener\" target=\"_blank\">novela<\/a> teen da <a href=\"https:\/\/www1.folha.uol.com.br\/folha-topicos\/globo\/\" rel=\"nofollow noopener\" target=\"_blank\">Globo<\/a> que foi durante anos a principal porta de entrada para jovens na TV, ele diz ter feito &#8220;alguns testes&#8221;, todos sem sucesso. &#8220;E eu gostava muito, acompanhava [&#8216;Malha\u00e7\u00e3o&#8217;]. Justamente por isso ia criando aquele expectativa. Lembro de uma vez em que eu estava com amigos jogando bola. A gente estava super feliz quando recebi a [resposta] negativa. Aquilo acabou com o meu dia&#8221;, relata.<br \/>&#13;\n <\/p>\n<p>Apesar dos in\u00fameros &#8220;n\u00e3os&#8221;, Andr\u00e9 afirma que desistir da carreira n\u00e3o era algo que passava pela sua cabe\u00e7a. &#8220;Eu ficava triste, \u00e0s vezes com menos energia, \u00e0s vezes com mais.&#8221; O incentivo dos pais, destaca ele, foi fundamental para seguir tentando uma chance no mercado. Na vis\u00e3o dele, as oportunidades apareceram no momento certo. &#8220;Hoje agrade\u00e7o por n\u00e3o ter passado [em teste antes]. Talvez eu ainda n\u00e3o estivesse preparado realmente.&#8221;<\/p>\n<p>O encanto pelo teatro surgiu na vida de Andr\u00e9 quando ele tinha por volta de 14 anos e gostava de acompanhar o irm\u00e3o mais velho, o tamb\u00e9m ator<a href=\"https:\/\/f5.folha.uol.com.br\/celebridades\/2021\/09\/victor-lamoglia-comanda-game-show-de-comedia-pelo-bem-do-humor.shtml\" rel=\"nofollow noopener\" target=\"\"> Victor Lamoglia<\/a>, em suas primeiras incurs\u00f5es nos palcos. &#8220;A gente sempre teve uma boa rela\u00e7\u00e3o. Lembro que tinha uma pe\u00e7a que ele fazia \u00e0s ter\u00e7as, perto da escola onde eu estudava. Depois da aula, eu levava comida, almo\u00e7ava ali no teatro mesmo e ficava com eles porque gostava do ambiente e fazia o que fosse poss\u00edvel para ajudar.&#8221;<\/p>\n<p>A partir dessa experi\u00eancia, ele conta ter pedido aos pais para fazer um curso na \u00e1rea. Entrou no Tablado, tradicional escola de teatro onde tamb\u00e9m estudaram nomes como Antonio Fagundes, Alexandre Borges, Andrea Beltr\u00e3o e Claudia Abreu.<\/p>\n<p>Estrelou sua primeira pe\u00e7a profissional, &#8220;Cinderela&#8221;, criada por Jos\u00e9 Wilker (1944-2014), em 2015. Na TV, o primeiro trabalho que gravou foi a <a href=\"https:\/\/f5.folha.uol.com.br\/televisao\/bbb16\/2016\/03\/10001144-suzy-rego-e-nuno-leal-maia-estao-em-serie-infantojuvenil-sobre-surf.shtml\" rel=\"nofollow noopener\" target=\"\">s\u00e9rie &#8220;Juacas<\/a>&#8220;, do canal fechado Disney Channel, mas que s\u00f3 foi ao ar em 2017. No mesmo ano, ele apareceu na TV aberta, na segunda temporada de &#8220;Segredos de Justi\u00e7a&#8221;, s\u00e9rie do Fant\u00e1stico (Globo) em que fazia o filho da ju\u00edza Andre\u00e1 Pach\u00e1, vivida por <a href=\"https:\/\/www1.folha.uol.com.br\/folha-topicos\/gloria-pires\/\" rel=\"nofollow noopener\" target=\"_blank\">Gloria Pires<\/a>.<\/p>\n<p>Andr\u00e9 afirma ser inquieto e &#8220;muito determinado&#8221;, assim como Profeta, o seu personagem em &#8220;Os Donos do Jogo&#8221;. Foi desta forma que revela ter aprendido em pouco tempo a falar espanhol para participar da s\u00e9rie argentina &#8220;Bia&#8221;, tamb\u00e9m da Disney.<\/p>\n<p>&#8220;Quando eu soube que ia fazer esse trabalho, comecei a estudar espanhol por minha conta. Peguei um professor particular e fiz um intensivo, estudando todos os dias. Fui para a Argentina antes de come\u00e7ar a gravar e estudei l\u00e1 com um coach.&#8221;<\/p>\n<p>O aprendizado no idioma se mostrou fundamental para ele conseguir o papel em &#8220;Elite&#8221; tempos depois. Ali\u00e1s, foi por interm\u00e9dio de um colega de elenco de &#8220;Bia&#8221;, o ator espanhol Julio Pe\u00f1a, que surgiu a chance de integrar o elenco da produ\u00e7\u00e3o espanhola, que j\u00e1 era um fen\u00f4meno n\u00e3o s\u00f3 na Espanha, mas tamb\u00e9m no Brasil e no mundo.&#8221;<\/p>\n<p>O Julio mandou uma mensagem para os atores da s\u00e9rie [&#8216;Bia&#8217;] dizendo que o empres\u00e1rio dele estava buscando nomes para um teste para uma produ\u00e7\u00e3o espanhola. Foram tr\u00eas etapas de testes, concorrendo com pessoas do mundo inteiro, segundo soube depois. Mas deu certo, consegui. Essa porta se abriu, essa deu certo.&#8221;<\/p>\n<p>Fazer parte do elenco de &#8220;Elite&#8221;, diz ele, foi um marco em sua carreira. Com o sucesso, aumentou tamb\u00e9m o ass\u00e9dio da imprensa e de admiradores. Ele garante n\u00e3o se incomodar e at\u00e9 entender a curiosidade das pessoas. &#8220;A gente tem uma vida muito exposta, n\u00e9, faz parte. Mas tento n\u00e3o botar muito foco e energia nessas coisas.&#8221;<br \/>&#13;\n <\/p>\n<p>\u00c9 tamb\u00e9m muito discreto sobre os seus relacionamentos amorosos. E desconversa ao ser questionado sobre um poss\u00edvel envolvimento com a atriz e influenciadora <a href=\"https:\/\/www1.folha.uol.com.br\/folha-topicos\/jade-picon\/\" rel=\"nofollow noopener\" target=\"_blank\">Jade Picon<\/a> \u2014os <a href=\"https:\/\/f5.folha.uol.com.br\/celebridades\/2023\/04\/jade-picon-e-andre-lamoglia-de-elite-sao-vistos-em-clima-de-romance-e-curtem-festa-juntos.shtml\" rel=\"nofollow noopener\" target=\"\">dois j\u00e1 foram clicados juntos<\/a> em diversas oportunidades. &#8220;N\u00e3o \u00e9 que eu n\u00e3o vou falar da Jade, \u00e9 que n\u00e3o vou falar desse meu lado pessoal&#8221;, explica.<br \/>&#13;\n <\/p>\n<p>&#8220;Eu t\u00f4 feliz, t\u00f4 vivendo minha vida&#8221;, diz, ao ser indagado se est\u00e1 namorando. O ator afirma ter uma rela\u00e7\u00e3o muito pr\u00f3xima com os pais e com a fam\u00edlia. &#8220;\u00c9 algo que me nutre, que me d\u00e1 for\u00e7a e que eu valorizo muito.&#8221; No momento atual, ele revela n\u00e3o pensar em casar e ter filhos. &#8220;Quero viver bem. Se um dia eu encontrar uma pessoa incr\u00edvel e a gente estiver em acordo para formar uma fam\u00edlia, sou super aberto a isso. Mas agora eu estou focado no meu trabalho.&#8221;<br \/>&#13;\n <\/p>\n<p>Com quase 3 milh\u00f5es de seguidores no Instagram, Andr\u00e9 diz que no mundo atual &#8220;\u00e9 um privil\u00e9gio pessoas que podem optar por n\u00e3o ter redes sociais&#8221;. E cita como exemplo o ator <a href=\"https:\/\/www1.folha.uol.com.br\/folha-topicos\/wagner-moura\/\" rel=\"nofollow noopener\" target=\"_blank\">Wagner Moura<\/a>. &#8220;Ele n\u00e3o tem nada [nenhuma rede] e faz muitos trabalhos incr\u00edveis.&#8221;<\/p>\n<p>Mas afirma tamb\u00e9m entender quem usa essa plataforma como forma de mostrar o pr\u00f3prio trabalho. &#8220;Quantos artistas incr\u00edveis, cantores e outros profissionais a gente j\u00e1 n\u00e3o viu se destacando pelo Instagram? Que come\u00e7aram a mostrar o seu trabalho ali e isso tomou uma dimens\u00e3o muito grande e ele pode fazer e seguir o sonho dele. Acho isso muito admir\u00e1vel.&#8221;<\/p>\n","protected":false},"excerpt":{"rendered":"&#8220;Nunca joguei [no bicho], acredita?&#8221;, diz \u00e0 coluna o ator Andr\u00e9 Lamoglia, 28, protagonista de &#8220;Os Donos do&hellip;\n","protected":false},"author":2,"featured_media":127038,"comment_status":"","ping_status":"","sticky":false,"template":"","format":"standard","meta":{"footnotes":""},"categories":[145],"tags":[29056,935,211,210,114,115,236,753,10407,6113,29057,2848,716,29058,32,33,941,940,218,12348],"class_list":{"0":"post-127037","1":"post","2":"type-post","3":"status-publish","4":"format-standard","5":"has-post-thumbnail","7":"category-celebridades","8":"tag-andre-lamoglia","9":"tag-canais-de-tv","10":"tag-celebridades","11":"tag-celebrities","12":"tag-entertainment","13":"tag-entretenimento","14":"tag-folha","15":"tag-globo","16":"tag-gloria-pires","17":"tag-jade-picon","18":"tag-jogo-do-bicho","19":"tag-malhacao","20":"tag-netflix","21":"tag-os-donos-do-jogo","22":"tag-portugal","23":"tag-pt","24":"tag-series","25":"tag-streaming","26":"tag-televisao","27":"tag-wagner-moura"},"share_on_mastodon":{"url":"https:\/\/pubeurope.com\/@pt\/115440656253472894","error":""},"_links":{"self":[{"href":"https:\/\/www.europesays.com\/pt\/wp-json\/wp\/v2\/posts\/127037","targetHints":{"allow":["GET"]}}],"collection":[{"href":"https:\/\/www.europesays.com\/pt\/wp-json\/wp\/v2\/posts"}],"about":[{"href":"https:\/\/www.europesays.com\/pt\/wp-json\/wp\/v2\/types\/post"}],"author":[{"embeddable":true,"href":"https:\/\/www.europesays.com\/pt\/wp-json\/wp\/v2\/users\/2"}],"replies":[{"embeddable":true,"href":"https:\/\/www.europesays.com\/pt\/wp-json\/wp\/v2\/comments?post=127037"}],"version-history":[{"count":0,"href":"https:\/\/www.europesays.com\/pt\/wp-json\/wp\/v2\/posts\/127037\/revisions"}],"wp:featuredmedia":[{"embeddable":true,"href":"https:\/\/www.europesays.com\/pt\/wp-json\/wp\/v2\/media\/127038"}],"wp:attachment":[{"href":"https:\/\/www.europesays.com\/pt\/wp-json\/wp\/v2\/media?parent=127037"}],"wp:term":[{"taxonomy":"category","embeddable":true,"href":"https:\/\/www.europesays.com\/pt\/wp-json\/wp\/v2\/categories?post=127037"},{"taxonomy":"post_tag","embeddable":true,"href":"https:\/\/www.europesays.com\/pt\/wp-json\/wp\/v2\/tags?post=127037"}],"curies":[{"name":"wp","href":"https:\/\/api.w.org\/{rel}","templated":true}]}}