{"id":127039,"date":"2025-10-26T13:20:13","date_gmt":"2025-10-26T13:20:13","guid":{"rendered":"https:\/\/www.europesays.com\/pt\/127039\/"},"modified":"2025-10-26T13:20:13","modified_gmt":"2025-10-26T13:20:13","slug":"garota-infernal-2-diretora-confirma-sequencia-e-revela-o-que-podemos-esperar","status":"publish","type":"post","link":"https:\/\/www.europesays.com\/pt\/127039\/","title":{"rendered":"&#8216;Garota Infernal 2&#8217;: Diretora confirma SEQU\u00caNCIA e revela o que podemos esperar"},"content":{"rendered":"<p>Em entrevista ao <a href=\"https:\/\/deadline.com\/2025\/10\/jennifers-body-karyn-kusama-teases-fun-crazy-sequel-1236595787\/\" rel=\"nofollow noopener\" target=\"_blank\">Deadline<\/a>, a diretora <strong>Karyn Kusama<\/strong> (\u2018O Peso do Passado\u2019) confirmou que uma sequ\u00eancia do terror c\u00f4mico \u2018<strong>Garota Infernal<\/strong>\u2018 est\u00e1 oficialmente em desenvolvimento.<\/p>\n<p>Sem revelar muito detalhes, ela declarou que o novo filme ser\u00e1 \u201cdivertido e insano\u201d \u2013 mantendo o esp\u00edrito do longa original.<\/p>\n<p>\u201cEu sei que [a Diablo Cody] est\u00e1 trabalhando no roteiro da sequ\u00eancia atualmente, e estou muito animada para ver o resultado. Sei algumas coisas sobre a hist\u00f3ria, mas n\u00e3o vou entregar nada. S\u00f3 posso dizer que parece divertida e insana como no primeiro filme. N\u00e3o tenho d\u00favidas de que a Diablo far\u00e1 algo incr\u00edvel.\u201d<\/p>\n<p>Sobre o sucesso que o longa original alcan\u00e7ou com o passar dos anos \u2013 apesar de ter sido considerado um fracasso na \u00e9poca de seu lan\u00e7amento \u2013, a cineasta declara: \u201cSou muito grata em ver que o filme conseguiu encontrar sua audi\u00eancia, talvez em uma \u00e9poca muito diferente do que hav\u00edamos imaginado, mas sou grata pelo nosso trabalho continuar a ressoar com as pessoas. Fico muito satisfeita com isso.\u201d<\/p>\n<p>Anteriormente,\u00a0a roteirista <strong>Diablo Cody<\/strong> (\u2018Juno\u2019) havia revelado que adoraria ver o retorno de <strong>Amanda Seyfried<\/strong> e <strong>Megan Fox<\/strong> na sequ\u00eancia:<\/p>\n<p>\u201cEu adoraria trazer a Megan [Fox] e a Amanda [Seyfried] de volta para uma sequ\u00eancia de \u2018Garota Infernal\u2019 \u2013 isso seria o ideal. Quero muito voltar a explorar aquele universo, e j\u00e1 pensei em diversas permuta\u00e7\u00f5es que poder\u00edamos fazer. Poder\u00edamos fazer uma pr\u00e9-sequ\u00eancia, uma sequ\u00eancia e at\u00e9 mesmo um musical. Estou disposta a fazer qualquer coisa, s\u00f3 preciso encontrar o parceiro certo.\u201d<\/p>\n<p>Ao ser possu\u00edda por um dem\u00f4nio, a estudante Jennifer se torna muito brava com os rapazes que nunca a deram uma chance. Enquanto a maldosa Jennifer satisfaz seu apetite com carne humana de meninos da escola, sua amiga nerd Needy descobre o que est\u00e1 acontecendo e promete colocar um fim na carnificina.<\/p>\n","protected":false},"excerpt":{"rendered":"Em entrevista ao Deadline, a diretora Karyn Kusama (\u2018O Peso do Passado\u2019) confirmou que uma sequ\u00eancia do terror&hellip;\n","protected":false},"author":2,"featured_media":127040,"comment_status":"","ping_status":"","sticky":false,"template":"","format":"standard","meta":{"footnotes":""},"categories":[140],"tags":[29059,29060,29061,114,115,147,148,14594,146,32,33,29062],"class_list":{"0":"post-127039","1":"post","2":"type-post","3":"status-publish","4":"format-standard","5":"has-post-thumbnail","7":"category-filmes","8":"tag-carla-gugino","9":"tag-cole-sprouse","10":"tag-diablo-cody","11":"tag-entertainment","12":"tag-entretenimento","13":"tag-film","14":"tag-filmes","15":"tag-kathryn-newton","16":"tag-movies","17":"tag-portugal","18":"tag-pt","19":"tag-zelda-williams"},"share_on_mastodon":{"url":"https:\/\/pubeurope.com\/@pt\/115440675911015530","error":""},"_links":{"self":[{"href":"https:\/\/www.europesays.com\/pt\/wp-json\/wp\/v2\/posts\/127039","targetHints":{"allow":["GET"]}}],"collection":[{"href":"https:\/\/www.europesays.com\/pt\/wp-json\/wp\/v2\/posts"}],"about":[{"href":"https:\/\/www.europesays.com\/pt\/wp-json\/wp\/v2\/types\/post"}],"author":[{"embeddable":true,"href":"https:\/\/www.europesays.com\/pt\/wp-json\/wp\/v2\/users\/2"}],"replies":[{"embeddable":true,"href":"https:\/\/www.europesays.com\/pt\/wp-json\/wp\/v2\/comments?post=127039"}],"version-history":[{"count":0,"href":"https:\/\/www.europesays.com\/pt\/wp-json\/wp\/v2\/posts\/127039\/revisions"}],"wp:featuredmedia":[{"embeddable":true,"href":"https:\/\/www.europesays.com\/pt\/wp-json\/wp\/v2\/media\/127040"}],"wp:attachment":[{"href":"https:\/\/www.europesays.com\/pt\/wp-json\/wp\/v2\/media?parent=127039"}],"wp:term":[{"taxonomy":"category","embeddable":true,"href":"https:\/\/www.europesays.com\/pt\/wp-json\/wp\/v2\/categories?post=127039"},{"taxonomy":"post_tag","embeddable":true,"href":"https:\/\/www.europesays.com\/pt\/wp-json\/wp\/v2\/tags?post=127039"}],"curies":[{"name":"wp","href":"https:\/\/api.w.org\/{rel}","templated":true}]}}