{"id":127055,"date":"2025-10-26T13:34:22","date_gmt":"2025-10-26T13:34:22","guid":{"rendered":"https:\/\/www.europesays.com\/pt\/127055\/"},"modified":"2025-10-26T13:34:22","modified_gmt":"2025-10-26T13:34:22","slug":"cinebiografia-de-mauricio-de-sousa-estreia-no-cinema","status":"publish","type":"post","link":"https:\/\/www.europesays.com\/pt\/127055\/","title":{"rendered":"cinebiografia de Mauricio de Sousa estreia no cinema"},"content":{"rendered":"<p dir=\"ltr\">Contando a hist\u00f3ria de um dos quadrinistas mais populares do Brasil, Mauricio de Sousa \u2014 O filme, com dire\u00e7\u00e3o e roteiro de Pedro Vasconcelos, \u00e9 a principal estreia da semana. Da inf\u00e2ncia, a cria\u00e7\u00e3o dos primeiros personagens at\u00e9 o sucesso da <a href=\"https:\/\/www.correiobraziliense.com.br\/webstories\/flipar\/2025\/07\/7193382-dos-gibis-a-cultura-pop-veja-como-a-turma-da-monica-se-tornou-um-fenomeno-cultural.html\" target=\"_blank\" rel=\"nofollow noopener\">Turma da M\u00f4nica<\/a>, o longa acompanha a trajet\u00f3ria de Maur\u00edcio, interpretado pelo filho, Mauro Sousa, como pessoa e artista, al\u00e9m de mostrar os percal\u00e7os e desafios enfrentados para construir a carreira brindada com o sucesso do gibi lido por gera\u00e7\u00f5es de brasileiros.\u00a0<\/p>\n<p dir=\"ltr\">Pedro Vasconcelos iniciou a carreira como ator nas d\u00e9cadas de 1980 e 1990. Com a virada do mil\u00eanio, ele se dedicou \u00e0 dire\u00e7\u00e3o, tendo trabalhado em novelas como Alma g\u00eamea e A favorita, e nos longas Dona Flor e seus dois maridos e <a href=\"https:\/\/www.correiobraziliense.com.br\/app\/noticia\/diversao-e-arte\/2018\/01\/17\/interna_diversao_arte,653713\/larissa-manoela-fala-serio-mae-carrossel-cinema.shtml\" target=\"_blank\" rel=\"nofollow noopener\">Fala s\u00e9rio, m\u00e3e<\/a>. Por\u00e9m, muito antes de entrar para o ramo art\u00edstico, Pedro cresceu lendo os quadrinhos de Maur\u00edcio e aprendendo com as hist\u00f3rias do artista, tradi\u00e7\u00e3o que passou para os filhos.<\/p>\n<p dir=\"ltr\">\u201cTodos n\u00f3s crescemos sob o impacto positivo e gostoso das hist\u00f3rias do Maur\u00edcio, a gente est\u00e1 envolvido com isso a inf\u00e2ncia inteira e sabe o tamanho da import\u00e2ncia dele para tantas pessoas, para tantas gera\u00e7\u00f5es de brasileiros, adultos, crian\u00e7as e pessoas mais idosas\u201d, observa o cineasta. Para ele, o longa vai trazer todas essas gera\u00e7\u00f5es para um lugar comum de amor e carinho pelos ic\u00f4nicos personagens de Maur\u00edcio. \u201cPor isso recomendo que as fam\u00edlias v\u00e3o juntas e em peso, que pais levem filhos, que av\u00f3s levem netos, todos juntos\u201d, avisa.<\/p>\n<p dir=\"ltr\">Mesmo tendo colaborado em diversas produ\u00e7\u00f5es de sucesso, o cineasta conta que dirigir a <a href=\"https:\/\/www.correiobraziliense.com.br\/diversao-e-arte\/2025\/07\/7210766-cinebiografia-mostra-trajetoria-de-sucesso-e-de-controversias-de-charles-aznavour.html\" target=\"_blank\" rel=\"nofollow noopener\">cinebiografia<\/a> de Maur\u00edcio de Souza foi um dos trabalhos mais emocionantes da carreira: \u201cQuando eu estive de cara com o Maur\u00edcio, eu tremi, porque ele era, na verdade, o meu \u00eddolo \u00c9 uma pessoa muito importante e respons\u00e1vel pelo meu desenvolvimento como ser humano e pelo est\u00edmulo do meu gosto pela leitura e desenvolvimento da imagina\u00e7\u00e3o. Foi muito emocionante poder contar essa hist\u00f3ria no cinema\u201d.<\/p>\n<p dir=\"ltr\">Para\u00a0contar 90 anos de hist\u00f3ria em 90 minutos de filme, Pedro explica que escolheu os aspectos que considerava mais relevantes da trajet\u00f3ria de Maur\u00edcio. \u201cQueria que o espectador o visse pegando o \u00f4nibus, enfrentando desafios comuns a todos n\u00f3s, com as filhas para sustentar e tendo que trabalhar, se virar, ainda sem ter conseguido estabelecer o seu nome para todo o pa\u00eds. Acho que \u00e9 muito interessante poder ver de onde sai o desejo de contar hist\u00f3rias em quadrinhos\u201d, completa.<\/p>\n<p dir=\"ltr\">\u201cMaur\u00edcio foi corajoso, acreditou no pr\u00f3prio sonho e n\u00e3o deixou se derrubar pelos desafios e impossibilidades. A vontade de viver de desenho demonstrou que fez o imposs\u00edvel tornar-se poss\u00edvel, e acho que isso \u00e9 uma li\u00e7\u00e3o de vida muito importante para todos os brasileiros e para todas as pessoas que carregam um sonho no cora\u00e7\u00e3o. O filme do Maur\u00edcio vai mudar a vida de quem for assistir, eu n\u00e3o tenho a menor d\u00favida\u201d, finaliza Pedro.<\/p>\n<p dir=\"ltr\">*Estagi\u00e1ria sob a supervis\u00e3o de Nahima Maciel<\/p>\n<ul>\n<li><a href=\"https:\/\/wa.me\/?text=90+anos+em+90+minutos%3A+cinebiografia+de+Mauricio+de+Sousa+estreia+no+cinema%20https:\/\/www.correiobraziliense.com.br\/divirtasemais\/2025\/10\/7276478-90-anos-em-90-minutos-cinebiografia-de-mauricio-de-sousa-estreia-no-cinema.html\" target=\"_blank\" title=\"Whatsapp\" aria-label=\"WhatsApp\" rel=\"nofollow noopener\"><\/a><\/li>\n<li><a href=\"https:\/\/www.facebook.com\/sharer.php?u=https:\/\/www.correiobraziliense.com.br%2Fdivirtasemais%2F2025%2F10%2F7276478-90-anos-em-90-minutos-cinebiografia-de-mauricio-de-sousa-estreia-no-cinema.html&amp;text=90+anos+em+90+minutos%3A+cinebiografia+de+Mauricio+de+Sousa+estreia+no+cinema\" target=\"_blank\" title=\"Facebook\" aria-label=\"Facebook\" rel=\"nofollow noopener\"><\/a><\/li>\n<li><a href=\"https:\/\/twitter.com\/intent\/tweet?url=https:\/\/www.correiobraziliense.com.br%2Fdivirtasemais%2F2025%2F10%2F7276478-90-anos-em-90-minutos-cinebiografia-de-mauricio-de-sousa-estreia-no-cinema.html&amp;text=90+anos+em+90+minutos%3A+cinebiografia+de+Mauricio+de+Sousa+estreia+no+cinema\" target=\"_blank\" title=\"Twitter\" aria-label=\"Twitter\" rel=\"nofollow noopener\"><\/a><\/li>\n<li><a href=\"https:\/\/profile.google.com\/cp\/CgovbS8wNzZ0dms1\" title=\"Google Discover\" target=\"_blank\" aria-label=\"Google Discover\" rel=\"nofollow noopener\"><img decoding=\"async\" src=\"https:\/\/www.europesays.com\/pt\/wp-content\/uploads\/2025\/10\/1761263228_86_google-discover-icon.png\" style=\"height: 25px; margin: 0 !important; margin-left: 3px;\" alt=\"Google Discover Icon\"\/><\/a><\/li>\n<\/ul>\n<p>              <a href=\"https:\/\/www.correiobraziliense.com.br\/autor\/maria-luisa-vaz-\/page\/1\/\" style=\"height: 100%;\" rel=\"nofollow noopener\" target=\"_blank\"><img decoding=\"async\" class=\"hidden-print author-circle d-block h6 mt-0 mb-0 mr-6 text-center\" src=\"https:\/\/www.europesays.com\/pt\/wp-content\/uploads\/2025\/10\/img_3035-41003102.jpeg\" alt=\"\" width=\"40\" height=\"40\" loading=\"lazy\" style=\"object-fit:cover; width: 40px; height: 40px; margin-right:10px;\"\/><\/a><a href=\"https:\/\/www.correiobraziliense.com.br\/autor\/maria-luisa-vaz-\/page\/1\/\" rel=\"nofollow noopener\" target=\"_blank\"><img decoding=\"async\" class=\"hidden-print author-circle d-block h6 mt-0 mb-0 mr-6 text-center\" src=\"https:\/\/www.europesays.com\/pt\/wp-content\/uploads\/2025\/10\/img_3035-41003102.jpeg\" alt=\"\" width=\"40\" height=\"40\" loading=\"lazy\" style=\"object-fit:cover; width: 40px; height: 40px; margin-right:10px;\"\/><\/a>Maria Lu\u00edsa Vaz  <strong class=\"entryStrongAuthor\"\/><\/p>\n<p class=\"entryDescricaoAuthor\">Estudante de Jornalismo apaixonada por cinema. Estagi\u00e1ria na editoria de cultura.<\/p>\n<p>                          <script async src=\"https:\/\/platform.twitter.com\/widgets.js\" charset=\"utf-8\"><\/script><\/p>\n","protected":false},"excerpt":{"rendered":"Contando a hist\u00f3ria de um dos quadrinistas mais populares do Brasil, Mauricio de Sousa \u2014 O filme, com&hellip;\n","protected":false},"author":2,"featured_media":127056,"comment_status":"","ping_status":"","sticky":false,"template":"","format":"standard","meta":{"footnotes":""},"categories":[140],"tags":[470,114,115,147,471,148,7744,146,32,33,793],"class_list":{"0":"post-127055","1":"post","2":"type-post","3":"status-publish","4":"format-standard","5":"has-post-thumbnail","7":"category-filmes","8":"tag-cinema","9":"tag-entertainment","10":"tag-entretenimento","11":"tag-film","12":"tag-filme","13":"tag-filmes","14":"tag-mauricio-de-souza","15":"tag-movies","16":"tag-portugal","17":"tag-pt","18":"tag-quadrinhos"},"share_on_mastodon":{"url":"https:\/\/pubeurope.com\/@pt\/115440731370608401","error":""},"_links":{"self":[{"href":"https:\/\/www.europesays.com\/pt\/wp-json\/wp\/v2\/posts\/127055","targetHints":{"allow":["GET"]}}],"collection":[{"href":"https:\/\/www.europesays.com\/pt\/wp-json\/wp\/v2\/posts"}],"about":[{"href":"https:\/\/www.europesays.com\/pt\/wp-json\/wp\/v2\/types\/post"}],"author":[{"embeddable":true,"href":"https:\/\/www.europesays.com\/pt\/wp-json\/wp\/v2\/users\/2"}],"replies":[{"embeddable":true,"href":"https:\/\/www.europesays.com\/pt\/wp-json\/wp\/v2\/comments?post=127055"}],"version-history":[{"count":0,"href":"https:\/\/www.europesays.com\/pt\/wp-json\/wp\/v2\/posts\/127055\/revisions"}],"wp:featuredmedia":[{"embeddable":true,"href":"https:\/\/www.europesays.com\/pt\/wp-json\/wp\/v2\/media\/127056"}],"wp:attachment":[{"href":"https:\/\/www.europesays.com\/pt\/wp-json\/wp\/v2\/media?parent=127055"}],"wp:term":[{"taxonomy":"category","embeddable":true,"href":"https:\/\/www.europesays.com\/pt\/wp-json\/wp\/v2\/categories?post=127055"},{"taxonomy":"post_tag","embeddable":true,"href":"https:\/\/www.europesays.com\/pt\/wp-json\/wp\/v2\/tags?post=127055"}],"curies":[{"name":"wp","href":"https:\/\/api.w.org\/{rel}","templated":true}]}}