{"id":127057,"date":"2025-10-26T13:35:16","date_gmt":"2025-10-26T13:35:16","guid":{"rendered":"https:\/\/www.europesays.com\/pt\/127057\/"},"modified":"2025-10-26T13:35:16","modified_gmt":"2025-10-26T13:35:16","slug":"luis-filipe-vieira-eleicoes-noite-nao-vai-ser-longa-para-mim-vou-dormir","status":"publish","type":"post","link":"https:\/\/www.europesays.com\/pt\/127057\/","title":{"rendered":"Lu\u00eds Filipe Vieira: \u00abElei\u00e7\u00f5es? Noite n\u00e3o vai ser longa para mim, vou dormir&#8230;\u00bb"},"content":{"rendered":"<p>Lu\u00eds Filipe Vieira chegou \u00e0 Casa do Benfica do Seixal, pelas 13h30, para exercer o seu direito de voto, num local diferente dos restantes candidatos, que preferiram votar no Est\u00e1dio da Luz.<\/p>\n<p>O antigo presidente das \u00e1guias e candidato \u00e0s elei\u00e7\u00f5es deste s\u00e1bado mostrou-se tranquilo com toda a azafama deste dia e confessou ter um plano para a noite eleitoral&#8230; dormir.<\/p>\n<p>\u00abCom certeza que vai ser o maior ato eleitoral de sempre e no fim veremos o que vai suceder. Para mim n\u00e3o vai ser longa (a noite eleitoral), vou dormir. J\u00e1 resolvi\u00bb, afirmou.<\/p>\n","protected":false},"excerpt":{"rendered":"Lu\u00eds Filipe Vieira chegou \u00e0 Casa do Benfica do Seixal, pelas 13h30, para exercer o seu direito de&hellip;\n","protected":false},"author":2,"featured_media":127058,"comment_status":"","ping_status":"","sticky":false,"template":"","format":"standard","meta":{"footnotes":""},"categories":[87],"tags":[51,29063,135,11568,5049,46,32,33,47,20028,134],"class_list":{"0":"post-127057","1":"post","2":"type-post","3":"status-publish","4":"format-standard","5":"has-post-thumbnail","7":"category-desporto","8":"tag-benfica","9":"tag-casa-do-benfica-do-seixal","10":"tag-desporto","11":"tag-eleicoes-benfica","12":"tag-luis-filipe-vieira","13":"tag-maisfutebol","14":"tag-portugal","15":"tag-pt","16":"tag-pura-paixao","17":"tag-seixal","18":"tag-sports"},"share_on_mastodon":{"url":"https:\/\/pubeurope.com\/@pt\/115440734943864337","error":""},"_links":{"self":[{"href":"https:\/\/www.europesays.com\/pt\/wp-json\/wp\/v2\/posts\/127057","targetHints":{"allow":["GET"]}}],"collection":[{"href":"https:\/\/www.europesays.com\/pt\/wp-json\/wp\/v2\/posts"}],"about":[{"href":"https:\/\/www.europesays.com\/pt\/wp-json\/wp\/v2\/types\/post"}],"author":[{"embeddable":true,"href":"https:\/\/www.europesays.com\/pt\/wp-json\/wp\/v2\/users\/2"}],"replies":[{"embeddable":true,"href":"https:\/\/www.europesays.com\/pt\/wp-json\/wp\/v2\/comments?post=127057"}],"version-history":[{"count":0,"href":"https:\/\/www.europesays.com\/pt\/wp-json\/wp\/v2\/posts\/127057\/revisions"}],"wp:featuredmedia":[{"embeddable":true,"href":"https:\/\/www.europesays.com\/pt\/wp-json\/wp\/v2\/media\/127058"}],"wp:attachment":[{"href":"https:\/\/www.europesays.com\/pt\/wp-json\/wp\/v2\/media?parent=127057"}],"wp:term":[{"taxonomy":"category","embeddable":true,"href":"https:\/\/www.europesays.com\/pt\/wp-json\/wp\/v2\/categories?post=127057"},{"taxonomy":"post_tag","embeddable":true,"href":"https:\/\/www.europesays.com\/pt\/wp-json\/wp\/v2\/tags?post=127057"}],"curies":[{"name":"wp","href":"https:\/\/api.w.org\/{rel}","templated":true}]}}